{"id":826,"date":"2016-03-19T14:39:50","date_gmt":"2016-03-19T13:39:50","guid":{"rendered":"http:\/\/www.towesele.pl\/portal\/?p=826"},"modified":"2016-03-19T17:36:36","modified_gmt":"2016-03-19T16:36:36","slug":"stylizacje-na-poprawiny","status":"publish","type":"post","link":"https:\/\/www.towesele.pl\/blog-slubny\/stylizacje-na-poprawiny-826.html","title":{"rendered":"Stylizacje na poprawiny"},"content":{"rendered":"<p><em>Poprawiny s\u0105 doskona\u0142\u0105 okazj\u0105, aby od\u0142o\u017cy\u0107 sztywne, garniturowe stylizacje, na rzecz nieco lu\u017aniejszych po\u0142\u0105cze\u0144. Ten dzie\u0144 cechuje si\u0119, opr\u00f3cz formalnego charakteru, r\u00f3wnie\u017c nieco lu\u017aniejsz\u0105 atmosfer\u0105. Ubi\u00f3r na t\u0119 okazj\u0119 b\u0119dzie nadal bardzo elegancki, ale zdecydowanie mniej formalny. Chc\u0105c zrobi\u0107 dobre wra\u017cenie na zaproszonych go\u015bciach oraz przede wszystkim swojej wybrance \u2013 przed wyborem stylizacji Pan M\u0142ody powinien zorientowa\u0107 si\u0119 w nadchodz\u0105cych trendach.<\/em><\/p>\n<p>Porad dotycz\u0105cych wyboru najmodniejszych fason\u00f3w tego sezonu udzieli\u0142a nam marka <strong>GIACOMO CONTI<\/strong>, kt\u00f3ra ju\u017c od 10 lat dba o wizerunek m\u0119\u017cczyzn, kt\u00f3rzy ceni\u0105 sobie elegancj\u0119. W 2016 roku na wybiegach najwi\u0119kszych dom\u00f3w mody kr\u00f3luj\u0105 granaty i odcienie niebieskiego. Pojawiaj\u0105 si\u0119 tak\u017ce ciekawe desenie \u2013 mikrowzory na marynarkach, niestandardowe faktury tkanin i ciekawe detale element\u00f3w odzie\u017cy. Z minionych lat wr\u00f3c\u0105 ostatnio zapomniane kamizelki, oraz wz\u00f3r paisley, przewijaj\u0105cy si\u0119 na krawatach, muszkach czy poszetkach.<\/p>\n<p>Zgodnie z nadchodz\u0105cymi trendami, firma GIACOMO CONTI przygotowa\u0142a stylizacje na poprawiny, oparte o dwie wiod\u0105ce tendencje modowe \u2013 jedna bardziej formalna oraz druga, pozwalaj\u0105ca go\u015bciom weselnym na nieco wi\u0119cej luzu.<\/p>\n<h3>Styl nr 1: p\u00f3\u0142formalnie w garniturze<\/h3>\n<p>Dobrze skrojony garnitur jest synonimem klasy i elegancji. Nie zawsze jednak musi by\u0107 noszony w spos\u00f3b formalny. Chc\u0105c pozbawi\u0107 stylizacj\u0119 przewidywalno\u015bci, wystarczy wybra\u0107 garnitur w nieco bardziej casualowej wersji. Granatowy, z wzorzystej tkaniny, z modnym wyt\u0142oczeniem. W tej propozycji zestawiono go z bia\u0142\u0105, basicow\u0105 koszul\u0105, kt\u00f3ra podkre\u015bla formalny charakter okazji. W tym przypadku rezygnacja z krawata nadaje ca\u0142o\u015bci nieco lu\u017aniejszego wyrazu. Doskona\u0142ym dope\u0142nieniem stylizacji b\u0119dzie tutaj poszetka, \u0142\u0105cz\u0105ca dominuj\u0105ce w ubiorze kolory.<\/p>\n<figure id=\"attachment_853\" aria-describedby=\"caption-attachment-853\" style=\"width: 1200px\" class=\"wp-caption aligncenter\"><a href=\"http:\/\/www.towesele.pl\/portal\/wp-content\/uploads\/2016\/03\/poprawiny-2016_001.jpg\" rel=\"attachment wp-att-853\"><img loading=\"lazy\" decoding=\"async\" class=\"size-full wp-image-853\" src=\"http:\/\/www.towesele.pl\/portal\/wp-content\/uploads\/2016\/03\/poprawiny-2016_001.jpg\" alt=\"Stylizacja na poprawiny\" width=\"1200\" height=\"800\" srcset=\"https:\/\/www.towesele.pl\/blog-slubny\/wp-content\/uploads\/2016\/03\/poprawiny-2016_001.jpg 1200w, https:\/\/www.towesele.pl\/blog-slubny\/wp-content\/uploads\/2016\/03\/poprawiny-2016_001-300x200.jpg 300w, https:\/\/www.towesele.pl\/blog-slubny\/wp-content\/uploads\/2016\/03\/poprawiny-2016_001-768x512.jpg 768w, https:\/\/www.towesele.pl\/blog-slubny\/wp-content\/uploads\/2016\/03\/poprawiny-2016_001-1024x683.jpg 1024w, https:\/\/www.towesele.pl\/blog-slubny\/wp-content\/uploads\/2016\/03\/poprawiny-2016_001-600x400.jpg 600w\" sizes=\"auto, (max-width: 1200px) 100vw, 1200px\" \/><\/a><figcaption id=\"caption-attachment-853\" class=\"wp-caption-text\">Fot. Giacomo Conti, Lookbook wiosna\/lato 2016<\/figcaption><\/figure>\n<p>Panowie, kt\u00f3rzy nie chc\u0105 rezygnowa\u0107 z krawata, mog\u0105 zdecydowa\u0107 si\u0119 na jego najmodniejsz\u0105 wersj\u0119 \u2013 szerokie pasy w granatowe kolorystyce. Krata w drobny wz\u00f3r, b\u0119dzie stanowi\u0142a tutaj ciekawe t\u0142o, jednocze\u015bnie nie odwracaj\u0105c uwagi od dodatku. Wyb\u00f3r delikatnie ja\u015bniejszej ozdobnej chusteczki, tak samo jak br\u0105zowego wizytowego obuwia, nada stylizacji swobodno\u015bci i podkre\u015bli g\u0142\u0119boki, granatowy kolor garnituru.<\/p>\n<figure id=\"attachment_855\" aria-describedby=\"caption-attachment-855\" style=\"width: 800px\" class=\"wp-caption aligncenter\"><a href=\"http:\/\/www.towesele.pl\/portal\/wp-content\/uploads\/2016\/03\/poprawiny-2016_002.jpg\" rel=\"attachment wp-att-855\"><img loading=\"lazy\" decoding=\"async\" class=\"size-full wp-image-855\" src=\"http:\/\/www.towesele.pl\/portal\/wp-content\/uploads\/2016\/03\/poprawiny-2016_002.jpg\" alt=\"Stylizacja na poprawiny\" width=\"800\" height=\"1200\" srcset=\"https:\/\/www.towesele.pl\/blog-slubny\/wp-content\/uploads\/2016\/03\/poprawiny-2016_002.jpg 800w, https:\/\/www.towesele.pl\/blog-slubny\/wp-content\/uploads\/2016\/03\/poprawiny-2016_002-200x300.jpg 200w, https:\/\/www.towesele.pl\/blog-slubny\/wp-content\/uploads\/2016\/03\/poprawiny-2016_002-768x1152.jpg 768w, https:\/\/www.towesele.pl\/blog-slubny\/wp-content\/uploads\/2016\/03\/poprawiny-2016_002-683x1024.jpg 683w, https:\/\/www.towesele.pl\/blog-slubny\/wp-content\/uploads\/2016\/03\/poprawiny-2016_002-600x900.jpg 600w\" sizes=\"auto, (max-width: 800px) 100vw, 800px\" \/><\/a><figcaption id=\"caption-attachment-855\" class=\"wp-caption-text\">Fot. Giacomo Conti, Lookbook wiosna\/lato 2016<\/figcaption><\/figure>\n<p>Wspomniana ju\u017c kamizelka, kt\u00f3ra powraca w\u0142a\u015bnie na sklepowe p\u00f3\u0142ki, mo\u017ce okaza\u0107 si\u0119 strza\u0142em w dziesi\u0105tk\u0119. Dzi\u0119ki uwzgl\u0119dnieniu jej w outficie, uzyskamy znacznie bardziej eleganckie wra\u017cenie stylizacji, nawet po zdj\u0119ciu marynarki. Maj\u0105c jednak na uwadze fakt, \u017ce poprawiny cechuj\u0105 si\u0119 lu\u017aniejsz\u0105 atmosfer\u0105, Pan M\u0142ody mo\u017ce wykorzysta\u0107 poszetk\u0119 w ciekawym wzorze \u2013 na przyk\u0142ad z marynarskim motywem w kotwice.<\/p>\n<figure id=\"attachment_856\" aria-describedby=\"caption-attachment-856\" style=\"width: 800px\" class=\"wp-caption aligncenter\"><a href=\"http:\/\/www.towesele.pl\/portal\/wp-content\/uploads\/2016\/03\/poprawiny-2016_003.jpg\" rel=\"attachment wp-att-856\"><img loading=\"lazy\" decoding=\"async\" class=\"size-full wp-image-856\" src=\"http:\/\/www.towesele.pl\/portal\/wp-content\/uploads\/2016\/03\/poprawiny-2016_003.jpg\" alt=\"Stylizacja na poprawiny\" width=\"800\" height=\"1200\" srcset=\"https:\/\/www.towesele.pl\/blog-slubny\/wp-content\/uploads\/2016\/03\/poprawiny-2016_003.jpg 800w, https:\/\/www.towesele.pl\/blog-slubny\/wp-content\/uploads\/2016\/03\/poprawiny-2016_003-200x300.jpg 200w, https:\/\/www.towesele.pl\/blog-slubny\/wp-content\/uploads\/2016\/03\/poprawiny-2016_003-768x1152.jpg 768w, https:\/\/www.towesele.pl\/blog-slubny\/wp-content\/uploads\/2016\/03\/poprawiny-2016_003-683x1024.jpg 683w, https:\/\/www.towesele.pl\/blog-slubny\/wp-content\/uploads\/2016\/03\/poprawiny-2016_003-600x900.jpg 600w\" sizes=\"auto, (max-width: 800px) 100vw, 800px\" \/><\/a><figcaption id=\"caption-attachment-856\" class=\"wp-caption-text\">Fot. Giacomo Conti, Lookbook wiosna\/lato 2016<\/figcaption><\/figure>\n<h3>Styl nr 2: swobodny smart casual z marynark\u0105<\/h3>\n<p>Drugi kierunek w stylizacjach na poprawiny, wyznacza drog\u0119, w kt\u00f3rej Panowie rezygnuj\u0105 z garnituru na rzecz eleganckich marynarek i spodni w stylu chino.<\/p>\n<p>W pierwszej stylizacji prosta, granatowa marynarka, zosta\u0142a urozmaicona niebanalnym b\u0142\u0119kitnym obszyciem, kt\u00f3re idealnie wsp\u00f3\u0142gra z dobran\u0105 do niej koszul\u0105. Formalno\u015b\u0107 sytuacji podre\u015blaj\u0105 dodatki GIACOMO CONTI \u2013 krawat w modnym wzorze paisley oraz kontrastuj\u0105ca poszetka w grochy. R\u00f3\u017cnorodno\u015b\u0107 wzor\u00f3w zosta\u0142a tu sp\u00f3jnie po\u0142\u0105czona dzi\u0119ki jednej, granatowej kolorystyce. Spodnie chino o piaskowym odcieniu, prze\u0142amuj\u0105 stylizacj\u0119 dodaj\u0105c jej swobody, jednocze\u015bnie dzi\u0119ki prostocie kroju nie ujmuj\u0105 jej eleganckiego charakteru.<\/p>\n<figure id=\"attachment_857\" aria-describedby=\"caption-attachment-857\" style=\"width: 800px\" class=\"wp-caption aligncenter\"><a href=\"http:\/\/www.towesele.pl\/portal\/wp-content\/uploads\/2016\/03\/poprawiny-2016_004.jpg\" rel=\"attachment wp-att-857\"><img loading=\"lazy\" decoding=\"async\" class=\"size-full wp-image-857\" src=\"http:\/\/www.towesele.pl\/portal\/wp-content\/uploads\/2016\/03\/poprawiny-2016_004.jpg\" alt=\"Stylizacja na poprawiny\" width=\"800\" height=\"1200\" srcset=\"https:\/\/www.towesele.pl\/blog-slubny\/wp-content\/uploads\/2016\/03\/poprawiny-2016_004.jpg 800w, https:\/\/www.towesele.pl\/blog-slubny\/wp-content\/uploads\/2016\/03\/poprawiny-2016_004-200x300.jpg 200w, https:\/\/www.towesele.pl\/blog-slubny\/wp-content\/uploads\/2016\/03\/poprawiny-2016_004-768x1152.jpg 768w, https:\/\/www.towesele.pl\/blog-slubny\/wp-content\/uploads\/2016\/03\/poprawiny-2016_004-683x1024.jpg 683w, https:\/\/www.towesele.pl\/blog-slubny\/wp-content\/uploads\/2016\/03\/poprawiny-2016_004-600x900.jpg 600w\" sizes=\"auto, (max-width: 800px) 100vw, 800px\" \/><\/a><figcaption id=\"caption-attachment-857\" class=\"wp-caption-text\">Fot. Giacomo Conti, Lookbook wiosna\/lato 2016<\/figcaption><\/figure>\n<p>Dla Pan\u00f3w, kt\u00f3rzy wol\u0105 zrezygnowa\u0107 z pastelowych kolor\u00f3w na rzecz bardziej wyrazistych kolor\u00f3w \u2013 proponujemy kontrastowe czerwone spodnie. Z prost\u0105 granatow\u0105 marynark\u0105 stworz\u0105 duet doskona\u0142y. Kropk\u0105 nad i b\u0119dzie tutaj poszetka, kt\u00f3ra dzi\u0119ki czerwonym mikroelementom nawi\u0105zuje do kolorystyki dolnej cz\u0119\u015bci outfitu.<\/p>\n<figure id=\"attachment_858\" aria-describedby=\"caption-attachment-858\" style=\"width: 800px\" class=\"wp-caption aligncenter\"><a href=\"http:\/\/www.towesele.pl\/portal\/wp-content\/uploads\/2016\/03\/poprawiny-2016_005.jpg\" rel=\"attachment wp-att-858\"><img loading=\"lazy\" decoding=\"async\" class=\"size-full wp-image-858\" src=\"http:\/\/www.towesele.pl\/portal\/wp-content\/uploads\/2016\/03\/poprawiny-2016_005.jpg\" alt=\"Stylizacja na poprawiny\" width=\"800\" height=\"1200\" srcset=\"https:\/\/www.towesele.pl\/blog-slubny\/wp-content\/uploads\/2016\/03\/poprawiny-2016_005.jpg 800w, https:\/\/www.towesele.pl\/blog-slubny\/wp-content\/uploads\/2016\/03\/poprawiny-2016_005-200x300.jpg 200w, https:\/\/www.towesele.pl\/blog-slubny\/wp-content\/uploads\/2016\/03\/poprawiny-2016_005-768x1152.jpg 768w, https:\/\/www.towesele.pl\/blog-slubny\/wp-content\/uploads\/2016\/03\/poprawiny-2016_005-683x1024.jpg 683w, https:\/\/www.towesele.pl\/blog-slubny\/wp-content\/uploads\/2016\/03\/poprawiny-2016_005-600x900.jpg 600w\" sizes=\"auto, (max-width: 800px) 100vw, 800px\" \/><\/a><figcaption id=\"caption-attachment-858\" class=\"wp-caption-text\">Fot. Giacomo Conti, Lookbook wiosna\/lato 2016<\/figcaption><\/figure>\n<p>Teraz czas na zagranie b\u0142\u0119kitami &#8211; w ostatnich dw\u00f3ch stylizacjach odnajd\u0105 si\u0119 m\u0119\u017cczy\u017ani, kt\u00f3rzy ceni\u0105 sobie w\u0142osk\u0105 lekko\u015b\u0107 w ubiorze. To propozycje pe\u0142ne swobody, idealne na lato.<\/p>\n<p>B\u0142\u0119kitne spodnie i koszula w tej tonacji samej ozdobiona wzorem pasiley z pewno\u015bci\u0105 zrobi\u0105 wra\u017cenie na zaproszonych go\u015bciach. Formalnego charakteru nada elegancka marynarka o klasycznym kroju, z poszetk\u0105, kt\u00f3ra deseniem nawi\u0105zuje do wzoru na tkaninie koszuli.<\/p>\n<figure id=\"attachment_859\" aria-describedby=\"caption-attachment-859\" style=\"width: 800px\" class=\"wp-caption aligncenter\"><a href=\"http:\/\/www.towesele.pl\/portal\/wp-content\/uploads\/2016\/03\/poprawiny-2016_006.jpg\" rel=\"attachment wp-att-859\"><img loading=\"lazy\" decoding=\"async\" class=\"size-full wp-image-859\" src=\"http:\/\/www.towesele.pl\/portal\/wp-content\/uploads\/2016\/03\/poprawiny-2016_006.jpg\" alt=\"Stylizacja na poprawiny\" width=\"800\" height=\"1200\" srcset=\"https:\/\/www.towesele.pl\/blog-slubny\/wp-content\/uploads\/2016\/03\/poprawiny-2016_006.jpg 800w, https:\/\/www.towesele.pl\/blog-slubny\/wp-content\/uploads\/2016\/03\/poprawiny-2016_006-200x300.jpg 200w, https:\/\/www.towesele.pl\/blog-slubny\/wp-content\/uploads\/2016\/03\/poprawiny-2016_006-768x1152.jpg 768w, https:\/\/www.towesele.pl\/blog-slubny\/wp-content\/uploads\/2016\/03\/poprawiny-2016_006-683x1024.jpg 683w, https:\/\/www.towesele.pl\/blog-slubny\/wp-content\/uploads\/2016\/03\/poprawiny-2016_006-600x900.jpg 600w\" sizes=\"auto, (max-width: 800px) 100vw, 800px\" \/><\/a><figcaption id=\"caption-attachment-859\" class=\"wp-caption-text\">Fot. Giacomo Conti, Lookbook wiosna\/lato 2016<\/figcaption><\/figure>\n<p>Dla m\u0119\u017cczyzn, kt\u00f3rzy wol\u0105 stylizacje w ciemniejszej kolorystyce, proponujemy odwr\u00f3cenie r\u00f3wnowag\u0119 barw z poprzedniej stylizacji. Decyzja o wyborze granatowej koszuli, dobranej kolorystycznie do eleganckich spodni, tylko u\u015bwietni wyb\u00f3r marynarki w bardzo w tym roku modnym b\u0142\u0119kicie. Dzi\u0119ki zachowaniu sp\u00f3jnej kolorystyki, ca\u0142o\u015b\u0107 wygl\u0105da bardzo elegancko i z klas\u0105.<\/p>\n<figure id=\"attachment_860\" aria-describedby=\"caption-attachment-860\" style=\"width: 800px\" class=\"wp-caption aligncenter\"><a href=\"http:\/\/www.towesele.pl\/portal\/wp-content\/uploads\/2016\/03\/poprawiny-2016_007.jpg\" rel=\"attachment wp-att-860\"><img loading=\"lazy\" decoding=\"async\" class=\"size-full wp-image-860\" src=\"http:\/\/www.towesele.pl\/portal\/wp-content\/uploads\/2016\/03\/poprawiny-2016_007.jpg\" alt=\"Stylizacja na poprawiny\" width=\"800\" height=\"1200\" srcset=\"https:\/\/www.towesele.pl\/blog-slubny\/wp-content\/uploads\/2016\/03\/poprawiny-2016_007.jpg 800w, https:\/\/www.towesele.pl\/blog-slubny\/wp-content\/uploads\/2016\/03\/poprawiny-2016_007-200x300.jpg 200w, https:\/\/www.towesele.pl\/blog-slubny\/wp-content\/uploads\/2016\/03\/poprawiny-2016_007-768x1152.jpg 768w, https:\/\/www.towesele.pl\/blog-slubny\/wp-content\/uploads\/2016\/03\/poprawiny-2016_007-683x1024.jpg 683w, https:\/\/www.towesele.pl\/blog-slubny\/wp-content\/uploads\/2016\/03\/poprawiny-2016_007-600x900.jpg 600w\" sizes=\"auto, (max-width: 800px) 100vw, 800px\" \/><\/a><figcaption id=\"caption-attachment-860\" class=\"wp-caption-text\">Fot. Giacomo Conti, Lookbook wiosna\/lato 2016<\/figcaption><\/figure>\n<p>&nbsp;<\/p>\n<p style=\"text-align: right;\"><strong>Giacomo Conti<\/strong><\/p>\n","protected":false},"excerpt":{"rendered":"<p>Poprawiny s\u0105 doskona\u0142\u0105 okazj\u0105, aby od\u0142o\u017cy\u0107 sztywne, garniturowe stylizacje, na rzecz nieco lu\u017aniejszych po\u0142\u0105cze\u0144. Ten dzie\u0144 cechuje si\u0119, opr\u00f3cz formalnego charakteru, r\u00f3wnie\u017c nieco lu\u017aniejsz\u0105 atmosfer\u0105. Ubi\u00f3r na t\u0119 okazj\u0119 b\u0119dzie nadal bardzo elegancki, ale zdecydowanie mniej formalny. Chc\u0105c zrobi\u0107 dobre wra\u017cenie na zaproszonych go\u015bciach oraz przede wszystkim swojej wybrance \u2013 przed wyborem stylizacji Pan M\u0142ody [&hellip;]<\/p>\n","protected":false},"author":1,"featured_media":863,"comment_status":"open","ping_status":"open","sticky":false,"template":"","format":"gallery","meta":{"footnotes":""},"categories":[120,102],"tags":[131,130],"class_list":["post-826","post","type-post","status-publish","format-gallery","has-post-thumbnail","hentry","category-garnitury-slubne","category-slub-i-wesele","tag-moda-meska-2016","tag-poprawiny","post_format-post-format-gallery"],"yoast_head":"<!-- This site is optimized with the Yoast SEO Premium plugin v20.0 (Yoast SEO v24.7) - https:\/\/yoast.com\/wordpress\/plugins\/seo\/ -->\n<title>Stylizacje na poprawiny - Blog \u015blubny - Porady i Moda \u015alubna<\/title>\n<meta name=\"robots\" content=\"index, follow, max-snippet:-1, max-image-preview:large, max-video-preview:-1\" \/>\n<link rel=\"canonical\" href=\"https:\/\/www.towesele.pl\/blog-slubny\/stylizacje-na-poprawiny-826.html\" \/>\n<meta property=\"og:locale\" content=\"pl_PL\" \/>\n<meta property=\"og:type\" content=\"article\" \/>\n<meta property=\"og:title\" content=\"Stylizacje na poprawiny\" \/>\n<meta property=\"og:description\" content=\"Poprawiny s\u0105 doskona\u0142\u0105 okazj\u0105, aby od\u0142o\u017cy\u0107 sztywne, garniturowe stylizacje, na rzecz nieco lu\u017aniejszych po\u0142\u0105cze\u0144. Ten dzie\u0144 cechuje si\u0119, opr\u00f3cz formalnego charakteru, r\u00f3wnie\u017c nieco lu\u017aniejsz\u0105 atmosfer\u0105. Ubi\u00f3r na t\u0119 okazj\u0119 b\u0119dzie nadal bardzo elegancki, ale zdecydowanie mniej formalny. Chc\u0105c zrobi\u0107 dobre wra\u017cenie na zaproszonych go\u015bciach oraz przede wszystkim swojej wybrance \u2013 przed wyborem stylizacji Pan M\u0142ody [&hellip;]\" \/>\n<meta property=\"og:url\" content=\"https:\/\/www.towesele.pl\/blog-slubny\/stylizacje-na-poprawiny-826.html\" \/>\n<meta property=\"og:site_name\" content=\"Blog \u015blubny - Porady i Moda \u015alubna\" \/>\n<meta property=\"article:publisher\" content=\"https:\/\/www.facebook.com\/towesele\" \/>\n<meta property=\"article:author\" content=\"https:\/\/www.facebook.com\/towesele\" \/>\n<meta property=\"article:published_time\" content=\"2016-03-19T13:39:50+00:00\" \/>\n<meta property=\"article:modified_time\" content=\"2016-03-19T16:36:36+00:00\" \/>\n<meta property=\"og:image\" content=\"https:\/\/www.towesele.pl\/blog-slubny\/wp-content\/uploads\/2016\/03\/poprawiny-2016_001b.jpg\" \/>\n\t<meta property=\"og:image:width\" content=\"1200\" \/>\n\t<meta property=\"og:image:height\" content=\"800\" \/>\n\t<meta property=\"og:image:type\" content=\"image\/jpeg\" \/>\n<meta name=\"author\" content=\"Towesele.pl\" \/>\n<meta name=\"twitter:card\" content=\"summary_large_image\" \/>\n<meta name=\"twitter:creator\" content=\"@http:\/\/twitter.com\/towesele\" \/>\n<meta name=\"twitter:site\" content=\"@towesele\" \/>\n<meta name=\"twitter:label1\" content=\"Napisane przez\" \/>\n\t<meta name=\"twitter:data1\" content=\"Towesele.pl\" \/>\n\t<meta name=\"twitter:label2\" content=\"Szacowany czas czytania\" \/>\n\t<meta name=\"twitter:data2\" content=\"4 minuty\" \/>\n<script type=\"application\/ld+json\" class=\"yoast-schema-graph\">{\"@context\":\"https:\/\/schema.org\",\"@graph\":[{\"@type\":\"Article\",\"@id\":\"https:\/\/www.towesele.pl\/blog-slubny\/stylizacje-na-poprawiny-826.html#article\",\"isPartOf\":{\"@id\":\"https:\/\/www.towesele.pl\/blog-slubny\/stylizacje-na-poprawiny-826.html\"},\"author\":{\"name\":\"Towesele.pl\",\"@id\":\"https:\/\/www.towesele.pl\/blog-slubny\/#\/schema\/person\/c44117595473d44c8d43ab81dc269f8e\"},\"headline\":\"Stylizacje na poprawiny\",\"datePublished\":\"2016-03-19T13:39:50+00:00\",\"dateModified\":\"2016-03-19T16:36:36+00:00\",\"mainEntityOfPage\":{\"@id\":\"https:\/\/www.towesele.pl\/blog-slubny\/stylizacje-na-poprawiny-826.html\"},\"wordCount\":816,\"commentCount\":1,\"publisher\":{\"@id\":\"https:\/\/www.towesele.pl\/blog-slubny\/#organization\"},\"image\":{\"@id\":\"https:\/\/www.towesele.pl\/blog-slubny\/stylizacje-na-poprawiny-826.html#primaryimage\"},\"thumbnailUrl\":\"https:\/\/www.towesele.pl\/blog-slubny\/wp-content\/uploads\/2016\/03\/poprawiny-2016_001b.jpg\",\"keywords\":[\"moda m\u0119ska 2016\",\"poprawiny\"],\"articleSection\":[\"Garnitury \u015blubne\",\"\u015alub i wesele\"],\"inLanguage\":\"pl-PL\",\"potentialAction\":[{\"@type\":\"CommentAction\",\"name\":\"Comment\",\"target\":[\"https:\/\/www.towesele.pl\/blog-slubny\/stylizacje-na-poprawiny-826.html#respond\"]}]},{\"@type\":\"WebPage\",\"@id\":\"https:\/\/www.towesele.pl\/blog-slubny\/stylizacje-na-poprawiny-826.html\",\"url\":\"https:\/\/www.towesele.pl\/blog-slubny\/stylizacje-na-poprawiny-826.html\",\"name\":\"Stylizacje na poprawiny - Blog \u015blubny - Porady i Moda \u015alubna\",\"isPartOf\":{\"@id\":\"https:\/\/www.towesele.pl\/blog-slubny\/#website\"},\"primaryImageOfPage\":{\"@id\":\"https:\/\/www.towesele.pl\/blog-slubny\/stylizacje-na-poprawiny-826.html#primaryimage\"},\"image\":{\"@id\":\"https:\/\/www.towesele.pl\/blog-slubny\/stylizacje-na-poprawiny-826.html#primaryimage\"},\"thumbnailUrl\":\"https:\/\/www.towesele.pl\/blog-slubny\/wp-content\/uploads\/2016\/03\/poprawiny-2016_001b.jpg\",\"datePublished\":\"2016-03-19T13:39:50+00:00\",\"dateModified\":\"2016-03-19T16:36:36+00:00\",\"breadcrumb\":{\"@id\":\"https:\/\/www.towesele.pl\/blog-slubny\/stylizacje-na-poprawiny-826.html#breadcrumb\"},\"inLanguage\":\"pl-PL\",\"potentialAction\":[{\"@type\":\"ReadAction\",\"target\":[\"https:\/\/www.towesele.pl\/blog-slubny\/stylizacje-na-poprawiny-826.html\"]}]},{\"@type\":\"ImageObject\",\"inLanguage\":\"pl-PL\",\"@id\":\"https:\/\/www.towesele.pl\/blog-slubny\/stylizacje-na-poprawiny-826.html#primaryimage\",\"url\":\"https:\/\/www.towesele.pl\/blog-slubny\/wp-content\/uploads\/2016\/03\/poprawiny-2016_001b.jpg\",\"contentUrl\":\"https:\/\/www.towesele.pl\/blog-slubny\/wp-content\/uploads\/2016\/03\/poprawiny-2016_001b.jpg\",\"width\":1200,\"height\":800},{\"@type\":\"BreadcrumbList\",\"@id\":\"https:\/\/www.towesele.pl\/blog-slubny\/stylizacje-na-poprawiny-826.html#breadcrumb\",\"itemListElement\":[{\"@type\":\"ListItem\",\"position\":1,\"name\":\"Strona g\u0142\u00f3wna\",\"item\":\"https:\/\/www.towesele.pl\/blog-slubny\/\"},{\"@type\":\"ListItem\",\"position\":2,\"name\":\"Stylizacje na poprawiny\"}]},{\"@type\":\"WebSite\",\"@id\":\"https:\/\/www.towesele.pl\/blog-slubny\/#website\",\"url\":\"https:\/\/www.towesele.pl\/blog-slubny\/\",\"name\":\"Blog \u015blubny - Porady i Moda \u015alubna\",\"description\":\"Blog \u015blubny - tu znajdziesz przydatne porady i artyku\u0142y do \u015blubu. Twoja przygoda z realizacj\u0105 \u015blubu i wesela rozpoczyna si\u0119 na towesele.pl\",\"publisher\":{\"@id\":\"https:\/\/www.towesele.pl\/blog-slubny\/#organization\"},\"potentialAction\":[{\"@type\":\"SearchAction\",\"target\":{\"@type\":\"EntryPoint\",\"urlTemplate\":\"https:\/\/www.towesele.pl\/blog-slubny\/?s={search_term_string}\"},\"query-input\":{\"@type\":\"PropertyValueSpecification\",\"valueRequired\":true,\"valueName\":\"search_term_string\"}}],\"inLanguage\":\"pl-PL\"},{\"@type\":\"Organization\",\"@id\":\"https:\/\/www.towesele.pl\/blog-slubny\/#organization\",\"name\":\"Blog \u015blubny - Porady i Moda \u015alubna\",\"url\":\"https:\/\/www.towesele.pl\/blog-slubny\/\",\"logo\":{\"@type\":\"ImageObject\",\"inLanguage\":\"pl-PL\",\"@id\":\"https:\/\/www.towesele.pl\/blog-slubny\/#\/schema\/logo\/image\/\",\"url\":\"https:\/\/www.towesele.pl\/blog-slubny\/wp-content\/uploads\/2017\/10\/logo.png\",\"contentUrl\":\"https:\/\/www.towesele.pl\/blog-slubny\/wp-content\/uploads\/2017\/10\/logo.png\",\"width\":393,\"height\":98,\"caption\":\"Blog \u015blubny - Porady i Moda \u015alubna\"},\"image\":{\"@id\":\"https:\/\/www.towesele.pl\/blog-slubny\/#\/schema\/logo\/image\/\"},\"sameAs\":[\"https:\/\/www.facebook.com\/towesele\",\"https:\/\/x.com\/towesele\",\"https:\/\/www.instagram.com\/towesele\/\",\"https:\/\/pl.pinterest.com\/toweselepl\/\"]},{\"@type\":\"Person\",\"@id\":\"https:\/\/www.towesele.pl\/blog-slubny\/#\/schema\/person\/c44117595473d44c8d43ab81dc269f8e\",\"name\":\"Towesele.pl\",\"image\":{\"@type\":\"ImageObject\",\"inLanguage\":\"pl-PL\",\"@id\":\"https:\/\/www.towesele.pl\/blog-slubny\/#\/schema\/person\/image\/\",\"url\":\"https:\/\/secure.gravatar.com\/avatar\/3453e165ec1bd7f3514b72e942e9a4ef?s=96&r=g\",\"contentUrl\":\"https:\/\/secure.gravatar.com\/avatar\/3453e165ec1bd7f3514b72e942e9a4ef?s=96&r=g\",\"caption\":\"Towesele.pl\"},\"description\":\"b\u0105d\u017amy blisko\",\"sameAs\":[\"http:\/\/www.towesele.pl\/\",\"https:\/\/www.facebook.com\/towesele\",\"https:\/\/x.com\/http:\/\/twitter.com\/towesele\"],\"url\":\"https:\/\/www.towesele.pl\/blog-slubny\/author\/towesele\"}]}<\/script>\n<!-- \/ Yoast SEO Premium plugin. -->","yoast_head_json":{"title":"Stylizacje na poprawiny - Blog \u015blubny - Porady i Moda \u015alubna","robots":{"index":"index","follow":"follow","max-snippet":"max-snippet:-1","max-image-preview":"max-image-preview:large","max-video-preview":"max-video-preview:-1"},"canonical":"https:\/\/www.towesele.pl\/blog-slubny\/stylizacje-na-poprawiny-826.html","og_locale":"pl_PL","og_type":"article","og_title":"Stylizacje na poprawiny","og_description":"Poprawiny s\u0105 doskona\u0142\u0105 okazj\u0105, aby od\u0142o\u017cy\u0107 sztywne, garniturowe stylizacje, na rzecz nieco lu\u017aniejszych po\u0142\u0105cze\u0144. Ten dzie\u0144 cechuje si\u0119, opr\u00f3cz formalnego charakteru, r\u00f3wnie\u017c nieco lu\u017aniejsz\u0105 atmosfer\u0105. Ubi\u00f3r na t\u0119 okazj\u0119 b\u0119dzie nadal bardzo elegancki, ale zdecydowanie mniej formalny. Chc\u0105c zrobi\u0107 dobre wra\u017cenie na zaproszonych go\u015bciach oraz przede wszystkim swojej wybrance \u2013 przed wyborem stylizacji Pan M\u0142ody [&hellip;]","og_url":"https:\/\/www.towesele.pl\/blog-slubny\/stylizacje-na-poprawiny-826.html","og_site_name":"Blog \u015blubny - Porady i Moda \u015alubna","article_publisher":"https:\/\/www.facebook.com\/towesele","article_author":"https:\/\/www.facebook.com\/towesele","article_published_time":"2016-03-19T13:39:50+00:00","article_modified_time":"2016-03-19T16:36:36+00:00","og_image":[{"width":1200,"height":800,"url":"https:\/\/www.towesele.pl\/blog-slubny\/wp-content\/uploads\/2016\/03\/poprawiny-2016_001b.jpg","type":"image\/jpeg"}],"author":"Towesele.pl","twitter_card":"summary_large_image","twitter_creator":"@http:\/\/twitter.com\/towesele","twitter_site":"@towesele","twitter_misc":{"Napisane przez":"Towesele.pl","Szacowany czas czytania":"4 minuty"},"schema":{"@context":"https:\/\/schema.org","@graph":[{"@type":"Article","@id":"https:\/\/www.towesele.pl\/blog-slubny\/stylizacje-na-poprawiny-826.html#article","isPartOf":{"@id":"https:\/\/www.towesele.pl\/blog-slubny\/stylizacje-na-poprawiny-826.html"},"author":{"name":"Towesele.pl","@id":"https:\/\/www.towesele.pl\/blog-slubny\/#\/schema\/person\/c44117595473d44c8d43ab81dc269f8e"},"headline":"Stylizacje na poprawiny","datePublished":"2016-03-19T13:39:50+00:00","dateModified":"2016-03-19T16:36:36+00:00","mainEntityOfPage":{"@id":"https:\/\/www.towesele.pl\/blog-slubny\/stylizacje-na-poprawiny-826.html"},"wordCount":816,"commentCount":1,"publisher":{"@id":"https:\/\/www.towesele.pl\/blog-slubny\/#organization"},"image":{"@id":"https:\/\/www.towesele.pl\/blog-slubny\/stylizacje-na-poprawiny-826.html#primaryimage"},"thumbnailUrl":"https:\/\/www.towesele.pl\/blog-slubny\/wp-content\/uploads\/2016\/03\/poprawiny-2016_001b.jpg","keywords":["moda m\u0119ska 2016","poprawiny"],"articleSection":["Garnitury \u015blubne","\u015alub i wesele"],"inLanguage":"pl-PL","potentialAction":[{"@type":"CommentAction","name":"Comment","target":["https:\/\/www.towesele.pl\/blog-slubny\/stylizacje-na-poprawiny-826.html#respond"]}]},{"@type":"WebPage","@id":"https:\/\/www.towesele.pl\/blog-slubny\/stylizacje-na-poprawiny-826.html","url":"https:\/\/www.towesele.pl\/blog-slubny\/stylizacje-na-poprawiny-826.html","name":"Stylizacje na poprawiny - Blog \u015blubny - Porady i Moda \u015alubna","isPartOf":{"@id":"https:\/\/www.towesele.pl\/blog-slubny\/#website"},"primaryImageOfPage":{"@id":"https:\/\/www.towesele.pl\/blog-slubny\/stylizacje-na-poprawiny-826.html#primaryimage"},"image":{"@id":"https:\/\/www.towesele.pl\/blog-slubny\/stylizacje-na-poprawiny-826.html#primaryimage"},"thumbnailUrl":"https:\/\/www.towesele.pl\/blog-slubny\/wp-content\/uploads\/2016\/03\/poprawiny-2016_001b.jpg","datePublished":"2016-03-19T13:39:50+00:00","dateModified":"2016-03-19T16:36:36+00:00","breadcrumb":{"@id":"https:\/\/www.towesele.pl\/blog-slubny\/stylizacje-na-poprawiny-826.html#breadcrumb"},"inLanguage":"pl-PL","potentialAction":[{"@type":"ReadAction","target":["https:\/\/www.towesele.pl\/blog-slubny\/stylizacje-na-poprawiny-826.html"]}]},{"@type":"ImageObject","inLanguage":"pl-PL","@id":"https:\/\/www.towesele.pl\/blog-slubny\/stylizacje-na-poprawiny-826.html#primaryimage","url":"https:\/\/www.towesele.pl\/blog-slubny\/wp-content\/uploads\/2016\/03\/poprawiny-2016_001b.jpg","contentUrl":"https:\/\/www.towesele.pl\/blog-slubny\/wp-content\/uploads\/2016\/03\/poprawiny-2016_001b.jpg","width":1200,"height":800},{"@type":"BreadcrumbList","@id":"https:\/\/www.towesele.pl\/blog-slubny\/stylizacje-na-poprawiny-826.html#breadcrumb","itemListElement":[{"@type":"ListItem","position":1,"name":"Strona g\u0142\u00f3wna","item":"https:\/\/www.towesele.pl\/blog-slubny\/"},{"@type":"ListItem","position":2,"name":"Stylizacje na poprawiny"}]},{"@type":"WebSite","@id":"https:\/\/www.towesele.pl\/blog-slubny\/#website","url":"https:\/\/www.towesele.pl\/blog-slubny\/","name":"Blog \u015blubny - Porady i Moda \u015alubna","description":"Blog \u015blubny - tu znajdziesz przydatne porady i artyku\u0142y do \u015blubu. Twoja przygoda z realizacj\u0105 \u015blubu i wesela rozpoczyna si\u0119 na towesele.pl","publisher":{"@id":"https:\/\/www.towesele.pl\/blog-slubny\/#organization"},"potentialAction":[{"@type":"SearchAction","target":{"@type":"EntryPoint","urlTemplate":"https:\/\/www.towesele.pl\/blog-slubny\/?s={search_term_string}"},"query-input":{"@type":"PropertyValueSpecification","valueRequired":true,"valueName":"search_term_string"}}],"inLanguage":"pl-PL"},{"@type":"Organization","@id":"https:\/\/www.towesele.pl\/blog-slubny\/#organization","name":"Blog \u015blubny - Porady i Moda \u015alubna","url":"https:\/\/www.towesele.pl\/blog-slubny\/","logo":{"@type":"ImageObject","inLanguage":"pl-PL","@id":"https:\/\/www.towesele.pl\/blog-slubny\/#\/schema\/logo\/image\/","url":"https:\/\/www.towesele.pl\/blog-slubny\/wp-content\/uploads\/2017\/10\/logo.png","contentUrl":"https:\/\/www.towesele.pl\/blog-slubny\/wp-content\/uploads\/2017\/10\/logo.png","width":393,"height":98,"caption":"Blog \u015blubny - Porady i Moda \u015alubna"},"image":{"@id":"https:\/\/www.towesele.pl\/blog-slubny\/#\/schema\/logo\/image\/"},"sameAs":["https:\/\/www.facebook.com\/towesele","https:\/\/x.com\/towesele","https:\/\/www.instagram.com\/towesele\/","https:\/\/pl.pinterest.com\/toweselepl\/"]},{"@type":"Person","@id":"https:\/\/www.towesele.pl\/blog-slubny\/#\/schema\/person\/c44117595473d44c8d43ab81dc269f8e","name":"Towesele.pl","image":{"@type":"ImageObject","inLanguage":"pl-PL","@id":"https:\/\/www.towesele.pl\/blog-slubny\/#\/schema\/person\/image\/","url":"https:\/\/secure.gravatar.com\/avatar\/3453e165ec1bd7f3514b72e942e9a4ef?s=96&r=g","contentUrl":"https:\/\/secure.gravatar.com\/avatar\/3453e165ec1bd7f3514b72e942e9a4ef?s=96&r=g","caption":"Towesele.pl"},"description":"b\u0105d\u017amy blisko","sameAs":["http:\/\/www.towesele.pl\/","https:\/\/www.facebook.com\/towesele","https:\/\/x.com\/http:\/\/twitter.com\/towesele"],"url":"https:\/\/www.towesele.pl\/blog-slubny\/author\/towesele"}]}},"_links":{"self":[{"href":"https:\/\/www.towesele.pl\/blog-slubny\/wp-json\/wp\/v2\/posts\/826","targetHints":{"allow":["GET"]}}],"collection":[{"href":"https:\/\/www.towesele.pl\/blog-slubny\/wp-json\/wp\/v2\/posts"}],"about":[{"href":"https:\/\/www.towesele.pl\/blog-slubny\/wp-json\/wp\/v2\/types\/post"}],"author":[{"embeddable":true,"href":"https:\/\/www.towesele.pl\/blog-slubny\/wp-json\/wp\/v2\/users\/1"}],"replies":[{"embeddable":true,"href":"https:\/\/www.towesele.pl\/blog-slubny\/wp-json\/wp\/v2\/comments?post=826"}],"version-history":[{"count":0,"href":"https:\/\/www.towesele.pl\/blog-slubny\/wp-json\/wp\/v2\/posts\/826\/revisions"}],"wp:featuredmedia":[{"embeddable":true,"href":"https:\/\/www.towesele.pl\/blog-slubny\/wp-json\/wp\/v2\/media\/863"}],"wp:attachment":[{"href":"https:\/\/www.towesele.pl\/blog-slubny\/wp-json\/wp\/v2\/media?parent=826"}],"wp:term":[{"taxonomy":"category","embeddable":true,"href":"https:\/\/www.towesele.pl\/blog-slubny\/wp-json\/wp\/v2\/categories?post=826"},{"taxonomy":"post_tag","embeddable":true,"href":"https:\/\/www.towesele.pl\/blog-slubny\/wp-json\/wp\/v2\/tags?post=826"}],"curies":[{"name":"wp","href":"https:\/\/api.w.org\/{rel}","templated":true}]}}