{"id":2639,"date":"2026-04-23T21:04:40","date_gmt":"2026-04-23T19:04:40","guid":{"rendered":"https:\/\/www.towesele.pl\/blog-slubny\/?p=2639"},"modified":"2026-04-27T11:37:57","modified_gmt":"2026-04-27T09:37:57","slug":"kiedy-zaczac-sukni-slubnej","status":"publish","type":"post","link":"https:\/\/www.towesele.pl\/blog-slubny\/kiedy-zaczac-sukni-slubnej-2639.html","title":{"rendered":"Kiedy zacz\u0105\u0107 szuka\u0107 sukni \u015blubnej?"},"content":{"rendered":"<h1><em>Kiedy zacz\u0105\u0107 szuka\u0107 sukni \u015blubnej? Harmonogram krok po kroku.<\/em><\/h1>\n<p><span style=\"font-weight: 400;\">Wyb\u00f3r <\/span><strong>sukni \u015blubnej <\/strong><span style=\"font-weight: 400;\">nie zaczyna si\u0119 w dniu zakupu, tylko du\u017co wcze\u015bniej: od rozeznania, pierwszych wizyt i sprawdzenia, ile etap\u00f3w trzeba przej\u015b\u0107, zanim kreacja b\u0119dzie gotowa do odbioru. My rekomendujemy rozpocz\u0119cie poszukiwa\u0144 mniej wi\u0119cej 8\u201312 miesi\u0119cy przed \u015blubem, bo taki przedzia\u0142 daje miejsce na decyzj\u0119, zam\u00f3wienie, poprawki i odbi\u00f3r kreacji bez presji czasu.\u00a0<\/span><\/p>\n<h2><span style=\"font-weight: 400;\">Dlaczego trzeba uwzgl\u0119dni\u0107 czas oczekiwania na sukni\u0119 \u015blubn\u0105?<\/span><\/h2>\n<p><span style=\"font-weight: 400;\">Wiele os\u00f3b zak\u0142ada, \u017ce wystarczy wybra\u0107 model sukni i odebra\u0107 go po kilku tygodniach. Tymczasem sama realizacja to tylko jeden z etap\u00f3w. Wcze\u015bniej trzeba um\u00f3wi\u0107 wizyty w <\/span><strong>salonach sukien \u015blubnych<\/strong><span style=\"font-weight: 400;\">, znale\u017a\u0107 odpowiedni fason, podj\u0105\u0107 decyzj\u0119, a p\u00f3\u017aniej przej\u015b\u0107 przez przymiarki i poprawki. Ka\u017cdy z tych krok\u00f3w zajmuje czas i trudno je przyspieszy\u0107 bez utraty komfortu. Gdy ca\u0142y proces zostaje skr\u00f3cony, pojawia si\u0119 presja. Terminy zaczynaj\u0105 si\u0119 nak\u0142ada\u0107, wyb\u00f3r jest mniejszy, a decyzje podejmowane s\u0105 szybciej, ni\u017c by si\u0119 chcia\u0142o. W takiej sytuacji \u0142atwo pomin\u0105\u0107 szczeg\u00f3\u0142y: dopasowanie, wygod\u0119 czy spos\u00f3b, w jaki suknia uk\u0142ada si\u0119 w ruchu. To w\u0142a\u015bnie te elementy cz\u0119sto decyduj\u0105 o tym, jak b\u0119dziesz si\u0119 czu\u0142a w dniu \u015blubu. Dlatego dobrze jest potraktowa\u0107 <\/span><strong>czas oczekiwania na sukni\u0119<\/strong><span style=\"font-weight: 400;\"> jako co\u015b, co dzia\u0142a na Twoj\u0105 korzy\u015b\u0107. Daje mo\u017cliwo\u015b\u0107 spokojnego por\u00f3wnania modeli, przemy\u015blenia wyboru i wprowadzenia zmian bez po\u015bpiechu. Pozwala te\u017c zobaczy\u0107 sukni\u0119 w r\u00f3\u017cnych etapach dopasowania i upewni\u0107 si\u0119, \u017ce wszystko wygl\u0105da dok\u0142adnie tak, jak powinno. Dodatkowo warto pami\u0119ta\u0107, \u017ce przymiarki nie zawsze ko\u0144cz\u0105 si\u0119 na jednym spotkaniu. Ka\u017cda kolejna wizyta przybli\u017ca efekt ko\u0144cowy, ale wymaga odst\u0119p\u00f3w czasowych.\u00a0<\/span><\/p>\n<h2><span style=\"font-weight: 400;\">Ile trwa szycie sukni \u015blubnej?<\/span><\/h2>\n<p><span style=\"font-weight: 400;\">Pytanie <\/span><strong>ile trwa szycie sukni \u015blubnej<\/strong><span style=\"font-weight: 400;\"> pojawia si\u0119 bardzo cz\u0119sto i s\u0142usznie, bo od tego zale\u017cy ca\u0142y plan dzia\u0142ania. Samo szycie to tylko fragment drogi. Zanim suknia b\u0119dzie gotowa, trzeba przej\u015b\u0107 przez wyb\u00f3r modelu, pobranie miar, a p\u00f3\u017aniej kilka etap\u00f3w dopasowania. To sprawia, \u017ce ca\u0142y proces rozci\u0105ga si\u0119 w czasie bardziej, ni\u017c wiele os\u00f3b zak\u0142ada na pocz\u0105tku. Warto te\u017c pami\u0119ta\u0107, \u017ce nie ka\u017cda suknia powstaje w takim samym tempie. Prostsze modele wymagaj\u0105 mniej pracy, ale bardziej rozbudowane projekty: z warstwami, zdobieniami czy dopracowanymi wyko\u0144czeniami, potrzebuj\u0105 wi\u0119kszej precyzji i czasu. Podobnie jest w przypadku modeli z nowych kolekcji, kt\u00f3re cz\u0119sto realizowane s\u0105 na zam\u00f3wienie. Dlatego decyzja o wyborze<\/span> <a href=\"https:\/\/galasuknieslubne.pl\/pl\/\" target=\"_blank\" rel=\"noopener\"><strong>sukni \u015blubnej<\/strong><\/a><span style=\"font-weight: 400;\"> nie powinna by\u0107 odk\u0142adana. Ka\u017cdy etap ma swoje tempo i trudno go przyspieszy\u0107. Im wcze\u015bniej zaczniesz, tym wi\u0119cej masz przestrzeni na spokojne dopracowanie wszystkiego.<\/span><\/p>\n<h2><span style=\"font-weight: 400;\">Harmonogram przygotowa\u0144 \u015blubnych krok po kroku<\/span><\/h2>\n<p><span style=\"font-weight: 400;\">Dobrze u\u0142o\u017cony <\/span><strong>harmonogram przygotowa\u0144 \u015blubnych<\/strong><span style=\"font-weight: 400;\"> daje poczucie kontroli nad ca\u0142ym procesem. Zamiast dzia\u0142a\u0107 chaotycznie, przechodzisz przez kolejne etapy w swoim tempie, bez po\u015bpiechu i bez presji, \u017ce co\u015b zosta\u0142o pomini\u0119te. Ka\u017cdy moment ma swoje zadanie, a ca\u0142o\u015b\u0107 zaczyna uk\u0142ada\u0107 si\u0119 w logiczn\u0105 kolejno\u015b\u0107.<\/span><\/p>\n<h3><span style=\"font-weight: 400;\">12\u20139 miesi\u0119cy przed \u015blubem<\/span><\/h3>\n<ul>\n<li style=\"font-weight: 400;\"><span style=\"font-weight: 400;\">ogl\u0105danie inspiracji i zapisywanie tego, co naprawd\u0119 Ci si\u0119 podoba,<\/span><\/li>\n<li style=\"font-weight: 400;\"><span style=\"font-weight: 400;\">pierwsze wizyty w salonie sukien \u015blubnych,<\/span><\/li>\n<li style=\"font-weight: 400;\"><span style=\"font-weight: 400;\">sprawdzanie r\u00f3\u017cnych fason\u00f3w i styl\u00f3w na w\u0142asnej sylwetce.<\/span><\/li>\n<\/ul>\n<p><span style=\"font-weight: 400;\">To etap poznawania, cz\u0119sto okazuje si\u0119, \u017ce to, co dobrze wygl\u0105da na zdj\u0119ciu, niekoniecznie sprawdza si\u0119 na \u017cywo.<\/span><\/p>\n<h3><span style=\"font-weight: 400;\">9\u20136 miesi\u0119cy przed \u015blubem<\/span><\/h3>\n<ul>\n<li style=\"font-weight: 400;\"><span style=\"font-weight: 400;\">wyb\u00f3r konkretnego modelu,<\/span><\/li>\n<li style=\"font-weight: 400;\"><span style=\"font-weight: 400;\">kontakt z <a href=\"https:\/\/galasuknieslubne.pl\/pl\/salon-firmowy\/\" target=\"_blank\" rel=\"noopener\">pracowni\u0105 sukien \u015blubnych<\/a><\/span><span style=\"font-weight: 400;\">\u00a0lub z\u0142o\u017cenie zam\u00f3wienia w salonie,<\/span><\/li>\n<li style=\"font-weight: 400;\"><span style=\"font-weight: 400;\">pobranie miar i ustalenie szczeg\u00f3\u0142\u00f3w.<\/span><\/li>\n<\/ul>\n<p><span style=\"font-weight: 400;\">Tutaj zapada decyzja. Wiesz ju\u017c, czego szukasz, wi\u0119c \u0142atwiej skupi\u0107 si\u0119 na dopracowaniu wybranego fasonu.<\/span><\/p>\n<h3><span style=\"font-weight: 400;\">6\u20133 miesi\u0105ce przed \u015blubem<\/span><\/h3>\n<ul>\n<li style=\"font-weight: 400;\"><span style=\"font-weight: 400;\">realizacja zam\u00f3wienia,<\/span><\/li>\n<li style=\"font-weight: 400;\"><span style=\"font-weight: 400;\">oczekiwanie na sukni\u0119.<\/span><\/li>\n<\/ul>\n<p><span style=\"font-weight: 400;\">To spokojniejszy etap, ale nadal wa\u017cny, suknia powstaje lub jest przygotowywana, a Ty masz czas na zaj\u0119cie si\u0119 innymi elementami \u015blubu.<\/span><\/p>\n<h3><span style=\"font-weight: 400;\">8\u20134 tygodnie przed \u015blubem<\/span><\/h3>\n<ul>\n<li style=\"font-weight: 400;\"><strong>pierwsza przymiarka,<\/strong><\/li>\n<li style=\"font-weight: 400;\"><span style=\"font-weight: 400;\">sprawdzenie d\u0142ugo\u015bci, dopasowania i wygody.<\/span><\/li>\n<\/ul>\n<p><span style=\"font-weight: 400;\">To moment, w kt\u00f3rym zaczynasz widzie\u0107 efekt. Warto zwr\u00f3ci\u0107 uwag\u0119 nie tylko na wygl\u0105d, ale te\u017c na to, jak suknia zachowuje si\u0119 w ruchu.<\/span><\/p>\n<h3><span style=\"font-weight: 400;\">3\u20131 tygodnie przed \u015blubem<\/span><\/h3>\n<ul>\n<li style=\"font-weight: 400;\"><span style=\"font-weight: 400;\">ostatnie poprawki,<\/span><\/li>\n<li style=\"font-weight: 400;\"><span style=\"font-weight: 400;\">odbi\u00f3r sukni.<\/span><\/li>\n<\/ul>\n<p><span style=\"font-weight: 400;\">Na tym etapie wszystko powinno by\u0107 ju\u017c dopi\u0119te. Zostaj\u0105 ostatnie korekty i finalne sprawdzenie, czy suknia jest dok\u0142adnie taka, jak powinna. Taki harmonogram przygotowa\u0144 \u015blubnych pozwala przej\u015b\u0107 przez ca\u0142y proces bez nerwowego przyspieszania i daje przestrze\u0144 na dopracowanie ka\u017cdego szczeg\u00f3\u0142u.<\/span><\/p>\n<h2><span style=\"font-weight: 400;\">Pierwsza przymiarka sukni \u015blubnej \u2013 co warto sprawdzi\u0107?<\/span><\/h2>\n<p><strong>Pierwsza przymiarka<\/strong><span style=\"font-weight: 400;\"> to moment, w kt\u00f3rym suknia zaczyna \u201epracowa\u0107\u201d na Twojej sylwetce. To ju\u017c nie jest ogl\u0105danie modelu na wieszaku ani szybka decyzja w przymierzalni. Na tym etapie liczy si\u0119 to, jak ca\u0142o\u015b\u0107 uk\u0142ada si\u0119 na ciele i czy rzeczywi\u015bcie odpowiada Twoim oczekiwaniom, nie tylko wizualnie, ale te\u017c pod wzgl\u0119dem wygody.<\/span><\/p>\n<p><span style=\"font-weight: 400;\">Podczas wizyty warto podej\u015b\u0107 do tego bardziej uwa\u017cnie i sprawdzi\u0107 kilka rzeczy:<\/span><\/p>\n<ul>\n<li style=\"font-weight: 400;\"><span style=\"font-weight: 400;\">czy mo\u017cesz swobodnie si\u0119 porusza\u0107,<\/span><\/li>\n<li style=\"font-weight: 400;\"><span style=\"font-weight: 400;\">czy d\u0142ugo\u015b\u0107 jest odpowiednia wzgl\u0119dem but\u00f3w,<\/span><\/li>\n<li style=\"font-weight: 400;\"><span style=\"font-weight: 400;\">czy suknia dobrze le\u017cy w talii i biu\u015bcie.<\/span><\/li>\n<\/ul>\n<p><span style=\"font-weight: 400;\">Dobrze te\u017c wykona\u0107 kilka prostych ruch\u00f3w: przej\u015b\u0107 si\u0119, usi\u0105\u015b\u0107, obr\u00f3ci\u0107. To pozwala zobaczy\u0107, czy materia\u0142 nie ogranicza krok\u00f3w, czy nic si\u0119 nie przesuwa i czy ca\u0142o\u015b\u0107 zachowuje si\u0119 naturalnie. Dzi\u0119ki temu \u0142atwiej wychwyci\u0107 drobne rzeczy, kt\u00f3re na tym etapie mo\u017cna jeszcze poprawi\u0107.<\/span><\/p>\n<h2><span style=\"font-weight: 400;\">Jak po\u0142\u0105czy\u0107 wyb\u00f3r sukni \u015blubnej z reszt\u0105 przygotowa\u0144?<\/span><\/h2>\n<p><span style=\"font-weight: 400;\"><strong>Suknia \u015blubna z kolekcji 2027 <\/strong>powinna wsp\u00f3\u0142gra\u0107 z ca\u0142\u0105 opraw\u0105 dnia, a nie funkcjonowa\u0107 osobno. Inaczej sprawdzi si\u0119 model wybrany do ceremonii plenerowej, inaczej do eleganckiej sali, a jeszcze inaczej do kameralnego przyj\u0119cia. Znaczenie ma tak\u017ce pora roku: inne materia\u0142y i kroje lepiej uk\u0142adaj\u0105 si\u0119 latem, inne przy ni\u017cszych temperaturach. Dlatego dobrze, gdy decyzja o sukni pojawia si\u0119 wcze\u015bniej, a nie na ko\u0144cu przygotowa\u0144. Wtedy \u0142atwiej dopasowa\u0107 detale: dodatki, buty, fryzur\u0119 czy nawet charakter dekoracji. Ca\u0142o\u015b\u0107 zaczyna si\u0119 zaz\u0119bia\u0107, zamiast by\u0107 sk\u0142adana z przypadkowych element\u00f3w.<\/span><\/p>\n<p>&nbsp;<\/p>\n","protected":false},"excerpt":{"rendered":"<p>Kiedy zacz\u0105\u0107 szuka\u0107 sukni \u015blubnej? Harmonogram krok po kroku. Wyb\u00f3r sukni \u015blubnej nie zaczyna si\u0119 w dniu zakupu, tylko du\u017co wcze\u015bniej: od rozeznania, pierwszych wizyt i sprawdzenia, ile etap\u00f3w trzeba przej\u015b\u0107, zanim kreacja b\u0119dzie gotowa do odbioru. My rekomendujemy rozpocz\u0119cie poszukiwa\u0144 mniej wi\u0119cej 8\u201312 miesi\u0119cy przed \u015blubem, bo taki przedzia\u0142 daje miejsce na decyzj\u0119, zam\u00f3wienie, [&hellip;]<\/p>\n","protected":false},"author":1,"featured_media":2640,"comment_status":"open","ping_status":"open","sticky":false,"template":"","format":"gallery","meta":{"footnotes":""},"categories":[118,121,100],"tags":[],"class_list":["post-2639","post","type-post","status-publish","format-gallery","has-post-thumbnail","hentry","category-ceremonia-slubna","category-inspiracje","category-suknie-slubne","post_format-post-format-gallery"],"yoast_head":"<!-- This site is optimized with the Yoast SEO Premium plugin v20.0 (Yoast SEO v24.7) - https:\/\/yoast.com\/wordpress\/plugins\/seo\/ -->\n<title>Kiedy zacz\u0105\u0107 szuka\u0107 sukni \u015blubnej? - Blog \u015blubny - Porady i Moda \u015alubna<\/title>\n<meta name=\"description\" content=\"Kiedy zam\u00f3wi\u0107 sukni\u0119 \u015blubn\u0105, \u017ceby unikn\u0105\u0107 po\u015bpiechu? Zacznij wcze\u015bniej i dzia\u0142aj wed\u0142ug planu. Sprawd\u017a harmonogram i zarezerwuj wizyt\u0119 w salonie\" \/>\n<meta name=\"robots\" content=\"index, follow, max-snippet:-1, max-image-preview:large, max-video-preview:-1\" \/>\n<link rel=\"canonical\" href=\"https:\/\/www.towesele.pl\/blog-slubny\/kiedy-zaczac-sukni-slubnej-2639.html\" \/>\n<meta property=\"og:locale\" content=\"pl_PL\" \/>\n<meta property=\"og:type\" content=\"article\" \/>\n<meta property=\"og:title\" content=\"Kiedy zacz\u0105\u0107 szuka\u0107 sukni \u015blubnej?\" \/>\n<meta property=\"og:description\" content=\"Kiedy zam\u00f3wi\u0107 sukni\u0119 \u015blubn\u0105, \u017ceby unikn\u0105\u0107 po\u015bpiechu? Zacznij wcze\u015bniej i dzia\u0142aj wed\u0142ug planu. Sprawd\u017a harmonogram i zarezerwuj wizyt\u0119 w salonie\" \/>\n<meta property=\"og:url\" content=\"https:\/\/www.towesele.pl\/blog-slubny\/kiedy-zaczac-sukni-slubnej-2639.html\" \/>\n<meta property=\"og:site_name\" content=\"Blog \u015blubny - Porady i Moda \u015alubna\" \/>\n<meta property=\"article:publisher\" content=\"https:\/\/www.facebook.com\/towesele\" \/>\n<meta property=\"article:author\" content=\"https:\/\/www.facebook.com\/towesele\" \/>\n<meta property=\"article:published_time\" content=\"2026-04-23T19:04:40+00:00\" \/>\n<meta property=\"article:modified_time\" content=\"2026-04-27T09:37:57+00:00\" \/>\n<meta property=\"og:image\" content=\"https:\/\/www.towesele.pl\/blog-slubny\/wp-content\/uploads\/2026\/04\/suknia-slubna-Gala.jpg\" \/>\n\t<meta property=\"og:image:width\" content=\"867\" \/>\n\t<meta property=\"og:image:height\" content=\"1300\" \/>\n\t<meta property=\"og:image:type\" content=\"image\/jpeg\" \/>\n<meta name=\"author\" content=\"Towesele.pl\" \/>\n<meta name=\"twitter:card\" content=\"summary_large_image\" \/>\n<meta name=\"twitter:creator\" content=\"@http:\/\/twitter.com\/towesele\" \/>\n<meta name=\"twitter:site\" content=\"@towesele\" \/>\n<meta name=\"twitter:label1\" content=\"Napisane przez\" \/>\n\t<meta name=\"twitter:data1\" content=\"Towesele.pl\" \/>\n\t<meta name=\"twitter:label2\" content=\"Szacowany czas czytania\" \/>\n\t<meta name=\"twitter:data2\" content=\"6 minut\" \/>\n<script type=\"application\/ld+json\" class=\"yoast-schema-graph\">{\"@context\":\"https:\/\/schema.org\",\"@graph\":[{\"@type\":\"Article\",\"@id\":\"https:\/\/www.towesele.pl\/blog-slubny\/kiedy-zaczac-sukni-slubnej-2639.html#article\",\"isPartOf\":{\"@id\":\"https:\/\/www.towesele.pl\/blog-slubny\/kiedy-zaczac-sukni-slubnej-2639.html\"},\"author\":{\"name\":\"Towesele.pl\",\"@id\":\"https:\/\/www.towesele.pl\/blog-slubny\/#\/schema\/person\/c44117595473d44c8d43ab81dc269f8e\"},\"headline\":\"Kiedy zacz\u0105\u0107 szuka\u0107 sukni \u015blubnej?\",\"datePublished\":\"2026-04-23T19:04:40+00:00\",\"dateModified\":\"2026-04-27T09:37:57+00:00\",\"mainEntityOfPage\":{\"@id\":\"https:\/\/www.towesele.pl\/blog-slubny\/kiedy-zaczac-sukni-slubnej-2639.html\"},\"wordCount\":1001,\"commentCount\":0,\"publisher\":{\"@id\":\"https:\/\/www.towesele.pl\/blog-slubny\/#organization\"},\"image\":{\"@id\":\"https:\/\/www.towesele.pl\/blog-slubny\/kiedy-zaczac-sukni-slubnej-2639.html#primaryimage\"},\"thumbnailUrl\":\"https:\/\/www.towesele.pl\/blog-slubny\/wp-content\/uploads\/2026\/04\/suknia-slubna-Gala.jpg\",\"articleSection\":[\"Ceremonia \u015blubna\",\"Inspiracje \u015blubne\",\"Suknie \u015blubne\"],\"inLanguage\":\"pl-PL\",\"potentialAction\":[{\"@type\":\"CommentAction\",\"name\":\"Comment\",\"target\":[\"https:\/\/www.towesele.pl\/blog-slubny\/kiedy-zaczac-sukni-slubnej-2639.html#respond\"]}]},{\"@type\":\"WebPage\",\"@id\":\"https:\/\/www.towesele.pl\/blog-slubny\/kiedy-zaczac-sukni-slubnej-2639.html\",\"url\":\"https:\/\/www.towesele.pl\/blog-slubny\/kiedy-zaczac-sukni-slubnej-2639.html\",\"name\":\"Kiedy zacz\u0105\u0107 szuka\u0107 sukni \u015blubnej? - Blog \u015blubny - Porady i Moda \u015alubna\",\"isPartOf\":{\"@id\":\"https:\/\/www.towesele.pl\/blog-slubny\/#website\"},\"primaryImageOfPage\":{\"@id\":\"https:\/\/www.towesele.pl\/blog-slubny\/kiedy-zaczac-sukni-slubnej-2639.html#primaryimage\"},\"image\":{\"@id\":\"https:\/\/www.towesele.pl\/blog-slubny\/kiedy-zaczac-sukni-slubnej-2639.html#primaryimage\"},\"thumbnailUrl\":\"https:\/\/www.towesele.pl\/blog-slubny\/wp-content\/uploads\/2026\/04\/suknia-slubna-Gala.jpg\",\"datePublished\":\"2026-04-23T19:04:40+00:00\",\"dateModified\":\"2026-04-27T09:37:57+00:00\",\"description\":\"Kiedy zam\u00f3wi\u0107 sukni\u0119 \u015blubn\u0105, \u017ceby unikn\u0105\u0107 po\u015bpiechu? Zacznij wcze\u015bniej i dzia\u0142aj wed\u0142ug planu. Sprawd\u017a harmonogram i zarezerwuj wizyt\u0119 w salonie\",\"breadcrumb\":{\"@id\":\"https:\/\/www.towesele.pl\/blog-slubny\/kiedy-zaczac-sukni-slubnej-2639.html#breadcrumb\"},\"inLanguage\":\"pl-PL\",\"potentialAction\":[{\"@type\":\"ReadAction\",\"target\":[\"https:\/\/www.towesele.pl\/blog-slubny\/kiedy-zaczac-sukni-slubnej-2639.html\"]}]},{\"@type\":\"ImageObject\",\"inLanguage\":\"pl-PL\",\"@id\":\"https:\/\/www.towesele.pl\/blog-slubny\/kiedy-zaczac-sukni-slubnej-2639.html#primaryimage\",\"url\":\"https:\/\/www.towesele.pl\/blog-slubny\/wp-content\/uploads\/2026\/04\/suknia-slubna-Gala.jpg\",\"contentUrl\":\"https:\/\/www.towesele.pl\/blog-slubny\/wp-content\/uploads\/2026\/04\/suknia-slubna-Gala.jpg\",\"width\":867,\"height\":1300,\"caption\":\"suknia \u015blubna Gala\"},{\"@type\":\"BreadcrumbList\",\"@id\":\"https:\/\/www.towesele.pl\/blog-slubny\/kiedy-zaczac-sukni-slubnej-2639.html#breadcrumb\",\"itemListElement\":[{\"@type\":\"ListItem\",\"position\":1,\"name\":\"Strona g\u0142\u00f3wna\",\"item\":\"https:\/\/www.towesele.pl\/blog-slubny\/\"},{\"@type\":\"ListItem\",\"position\":2,\"name\":\"Kiedy zacz\u0105\u0107 szuka\u0107 sukni \u015blubnej?\"}]},{\"@type\":\"WebSite\",\"@id\":\"https:\/\/www.towesele.pl\/blog-slubny\/#website\",\"url\":\"https:\/\/www.towesele.pl\/blog-slubny\/\",\"name\":\"Blog \u015blubny - Porady i Moda \u015alubna\",\"description\":\"Blog \u015blubny - tu znajdziesz przydatne porady i artyku\u0142y do \u015blubu. Twoja przygoda z realizacj\u0105 \u015blubu i wesela rozpoczyna si\u0119 na towesele.pl\",\"publisher\":{\"@id\":\"https:\/\/www.towesele.pl\/blog-slubny\/#organization\"},\"potentialAction\":[{\"@type\":\"SearchAction\",\"target\":{\"@type\":\"EntryPoint\",\"urlTemplate\":\"https:\/\/www.towesele.pl\/blog-slubny\/?s={search_term_string}\"},\"query-input\":{\"@type\":\"PropertyValueSpecification\",\"valueRequired\":true,\"valueName\":\"search_term_string\"}}],\"inLanguage\":\"pl-PL\"},{\"@type\":\"Organization\",\"@id\":\"https:\/\/www.towesele.pl\/blog-slubny\/#organization\",\"name\":\"Blog \u015blubny - Porady i Moda \u015alubna\",\"url\":\"https:\/\/www.towesele.pl\/blog-slubny\/\",\"logo\":{\"@type\":\"ImageObject\",\"inLanguage\":\"pl-PL\",\"@id\":\"https:\/\/www.towesele.pl\/blog-slubny\/#\/schema\/logo\/image\/\",\"url\":\"https:\/\/www.towesele.pl\/blog-slubny\/wp-content\/uploads\/2017\/10\/logo.png\",\"contentUrl\":\"https:\/\/www.towesele.pl\/blog-slubny\/wp-content\/uploads\/2017\/10\/logo.png\",\"width\":393,\"height\":98,\"caption\":\"Blog \u015blubny - Porady i Moda \u015alubna\"},\"image\":{\"@id\":\"https:\/\/www.towesele.pl\/blog-slubny\/#\/schema\/logo\/image\/\"},\"sameAs\":[\"https:\/\/www.facebook.com\/towesele\",\"https:\/\/x.com\/towesele\",\"https:\/\/www.instagram.com\/towesele\/\",\"https:\/\/pl.pinterest.com\/toweselepl\/\"]},{\"@type\":\"Person\",\"@id\":\"https:\/\/www.towesele.pl\/blog-slubny\/#\/schema\/person\/c44117595473d44c8d43ab81dc269f8e\",\"name\":\"Towesele.pl\",\"image\":{\"@type\":\"ImageObject\",\"inLanguage\":\"pl-PL\",\"@id\":\"https:\/\/www.towesele.pl\/blog-slubny\/#\/schema\/person\/image\/\",\"url\":\"https:\/\/secure.gravatar.com\/avatar\/3453e165ec1bd7f3514b72e942e9a4ef?s=96&r=g\",\"contentUrl\":\"https:\/\/secure.gravatar.com\/avatar\/3453e165ec1bd7f3514b72e942e9a4ef?s=96&r=g\",\"caption\":\"Towesele.pl\"},\"description\":\"b\u0105d\u017amy blisko\",\"sameAs\":[\"http:\/\/www.towesele.pl\/\",\"https:\/\/www.facebook.com\/towesele\",\"https:\/\/x.com\/http:\/\/twitter.com\/towesele\"],\"url\":\"https:\/\/www.towesele.pl\/blog-slubny\/author\/towesele\"}]}<\/script>\n<!-- \/ Yoast SEO Premium plugin. -->","yoast_head_json":{"title":"Kiedy zacz\u0105\u0107 szuka\u0107 sukni \u015blubnej? - Blog \u015blubny - Porady i Moda \u015alubna","description":"Kiedy zam\u00f3wi\u0107 sukni\u0119 \u015blubn\u0105, \u017ceby unikn\u0105\u0107 po\u015bpiechu? Zacznij wcze\u015bniej i dzia\u0142aj wed\u0142ug planu. Sprawd\u017a harmonogram i zarezerwuj wizyt\u0119 w salonie","robots":{"index":"index","follow":"follow","max-snippet":"max-snippet:-1","max-image-preview":"max-image-preview:large","max-video-preview":"max-video-preview:-1"},"canonical":"https:\/\/www.towesele.pl\/blog-slubny\/kiedy-zaczac-sukni-slubnej-2639.html","og_locale":"pl_PL","og_type":"article","og_title":"Kiedy zacz\u0105\u0107 szuka\u0107 sukni \u015blubnej?","og_description":"Kiedy zam\u00f3wi\u0107 sukni\u0119 \u015blubn\u0105, \u017ceby unikn\u0105\u0107 po\u015bpiechu? Zacznij wcze\u015bniej i dzia\u0142aj wed\u0142ug planu. Sprawd\u017a harmonogram i zarezerwuj wizyt\u0119 w salonie","og_url":"https:\/\/www.towesele.pl\/blog-slubny\/kiedy-zaczac-sukni-slubnej-2639.html","og_site_name":"Blog \u015blubny - Porady i Moda \u015alubna","article_publisher":"https:\/\/www.facebook.com\/towesele","article_author":"https:\/\/www.facebook.com\/towesele","article_published_time":"2026-04-23T19:04:40+00:00","article_modified_time":"2026-04-27T09:37:57+00:00","og_image":[{"width":867,"height":1300,"url":"https:\/\/www.towesele.pl\/blog-slubny\/wp-content\/uploads\/2026\/04\/suknia-slubna-Gala.jpg","type":"image\/jpeg"}],"author":"Towesele.pl","twitter_card":"summary_large_image","twitter_creator":"@http:\/\/twitter.com\/towesele","twitter_site":"@towesele","twitter_misc":{"Napisane przez":"Towesele.pl","Szacowany czas czytania":"6 minut"},"schema":{"@context":"https:\/\/schema.org","@graph":[{"@type":"Article","@id":"https:\/\/www.towesele.pl\/blog-slubny\/kiedy-zaczac-sukni-slubnej-2639.html#article","isPartOf":{"@id":"https:\/\/www.towesele.pl\/blog-slubny\/kiedy-zaczac-sukni-slubnej-2639.html"},"author":{"name":"Towesele.pl","@id":"https:\/\/www.towesele.pl\/blog-slubny\/#\/schema\/person\/c44117595473d44c8d43ab81dc269f8e"},"headline":"Kiedy zacz\u0105\u0107 szuka\u0107 sukni \u015blubnej?","datePublished":"2026-04-23T19:04:40+00:00","dateModified":"2026-04-27T09:37:57+00:00","mainEntityOfPage":{"@id":"https:\/\/www.towesele.pl\/blog-slubny\/kiedy-zaczac-sukni-slubnej-2639.html"},"wordCount":1001,"commentCount":0,"publisher":{"@id":"https:\/\/www.towesele.pl\/blog-slubny\/#organization"},"image":{"@id":"https:\/\/www.towesele.pl\/blog-slubny\/kiedy-zaczac-sukni-slubnej-2639.html#primaryimage"},"thumbnailUrl":"https:\/\/www.towesele.pl\/blog-slubny\/wp-content\/uploads\/2026\/04\/suknia-slubna-Gala.jpg","articleSection":["Ceremonia \u015blubna","Inspiracje \u015blubne","Suknie \u015blubne"],"inLanguage":"pl-PL","potentialAction":[{"@type":"CommentAction","name":"Comment","target":["https:\/\/www.towesele.pl\/blog-slubny\/kiedy-zaczac-sukni-slubnej-2639.html#respond"]}]},{"@type":"WebPage","@id":"https:\/\/www.towesele.pl\/blog-slubny\/kiedy-zaczac-sukni-slubnej-2639.html","url":"https:\/\/www.towesele.pl\/blog-slubny\/kiedy-zaczac-sukni-slubnej-2639.html","name":"Kiedy zacz\u0105\u0107 szuka\u0107 sukni \u015blubnej? - Blog \u015blubny - Porady i Moda \u015alubna","isPartOf":{"@id":"https:\/\/www.towesele.pl\/blog-slubny\/#website"},"primaryImageOfPage":{"@id":"https:\/\/www.towesele.pl\/blog-slubny\/kiedy-zaczac-sukni-slubnej-2639.html#primaryimage"},"image":{"@id":"https:\/\/www.towesele.pl\/blog-slubny\/kiedy-zaczac-sukni-slubnej-2639.html#primaryimage"},"thumbnailUrl":"https:\/\/www.towesele.pl\/blog-slubny\/wp-content\/uploads\/2026\/04\/suknia-slubna-Gala.jpg","datePublished":"2026-04-23T19:04:40+00:00","dateModified":"2026-04-27T09:37:57+00:00","description":"Kiedy zam\u00f3wi\u0107 sukni\u0119 \u015blubn\u0105, \u017ceby unikn\u0105\u0107 po\u015bpiechu? Zacznij wcze\u015bniej i dzia\u0142aj wed\u0142ug planu. Sprawd\u017a harmonogram i zarezerwuj wizyt\u0119 w salonie","breadcrumb":{"@id":"https:\/\/www.towesele.pl\/blog-slubny\/kiedy-zaczac-sukni-slubnej-2639.html#breadcrumb"},"inLanguage":"pl-PL","potentialAction":[{"@type":"ReadAction","target":["https:\/\/www.towesele.pl\/blog-slubny\/kiedy-zaczac-sukni-slubnej-2639.html"]}]},{"@type":"ImageObject","inLanguage":"pl-PL","@id":"https:\/\/www.towesele.pl\/blog-slubny\/kiedy-zaczac-sukni-slubnej-2639.html#primaryimage","url":"https:\/\/www.towesele.pl\/blog-slubny\/wp-content\/uploads\/2026\/04\/suknia-slubna-Gala.jpg","contentUrl":"https:\/\/www.towesele.pl\/blog-slubny\/wp-content\/uploads\/2026\/04\/suknia-slubna-Gala.jpg","width":867,"height":1300,"caption":"suknia \u015blubna Gala"},{"@type":"BreadcrumbList","@id":"https:\/\/www.towesele.pl\/blog-slubny\/kiedy-zaczac-sukni-slubnej-2639.html#breadcrumb","itemListElement":[{"@type":"ListItem","position":1,"name":"Strona g\u0142\u00f3wna","item":"https:\/\/www.towesele.pl\/blog-slubny\/"},{"@type":"ListItem","position":2,"name":"Kiedy zacz\u0105\u0107 szuka\u0107 sukni \u015blubnej?"}]},{"@type":"WebSite","@id":"https:\/\/www.towesele.pl\/blog-slubny\/#website","url":"https:\/\/www.towesele.pl\/blog-slubny\/","name":"Blog \u015blubny - Porady i Moda \u015alubna","description":"Blog \u015blubny - tu znajdziesz przydatne porady i artyku\u0142y do \u015blubu. Twoja przygoda z realizacj\u0105 \u015blubu i wesela rozpoczyna si\u0119 na towesele.pl","publisher":{"@id":"https:\/\/www.towesele.pl\/blog-slubny\/#organization"},"potentialAction":[{"@type":"SearchAction","target":{"@type":"EntryPoint","urlTemplate":"https:\/\/www.towesele.pl\/blog-slubny\/?s={search_term_string}"},"query-input":{"@type":"PropertyValueSpecification","valueRequired":true,"valueName":"search_term_string"}}],"inLanguage":"pl-PL"},{"@type":"Organization","@id":"https:\/\/www.towesele.pl\/blog-slubny\/#organization","name":"Blog \u015blubny - Porady i Moda \u015alubna","url":"https:\/\/www.towesele.pl\/blog-slubny\/","logo":{"@type":"ImageObject","inLanguage":"pl-PL","@id":"https:\/\/www.towesele.pl\/blog-slubny\/#\/schema\/logo\/image\/","url":"https:\/\/www.towesele.pl\/blog-slubny\/wp-content\/uploads\/2017\/10\/logo.png","contentUrl":"https:\/\/www.towesele.pl\/blog-slubny\/wp-content\/uploads\/2017\/10\/logo.png","width":393,"height":98,"caption":"Blog \u015blubny - Porady i Moda \u015alubna"},"image":{"@id":"https:\/\/www.towesele.pl\/blog-slubny\/#\/schema\/logo\/image\/"},"sameAs":["https:\/\/www.facebook.com\/towesele","https:\/\/x.com\/towesele","https:\/\/www.instagram.com\/towesele\/","https:\/\/pl.pinterest.com\/toweselepl\/"]},{"@type":"Person","@id":"https:\/\/www.towesele.pl\/blog-slubny\/#\/schema\/person\/c44117595473d44c8d43ab81dc269f8e","name":"Towesele.pl","image":{"@type":"ImageObject","inLanguage":"pl-PL","@id":"https:\/\/www.towesele.pl\/blog-slubny\/#\/schema\/person\/image\/","url":"https:\/\/secure.gravatar.com\/avatar\/3453e165ec1bd7f3514b72e942e9a4ef?s=96&r=g","contentUrl":"https:\/\/secure.gravatar.com\/avatar\/3453e165ec1bd7f3514b72e942e9a4ef?s=96&r=g","caption":"Towesele.pl"},"description":"b\u0105d\u017amy blisko","sameAs":["http:\/\/www.towesele.pl\/","https:\/\/www.facebook.com\/towesele","https:\/\/x.com\/http:\/\/twitter.com\/towesele"],"url":"https:\/\/www.towesele.pl\/blog-slubny\/author\/towesele"}]}},"_links":{"self":[{"href":"https:\/\/www.towesele.pl\/blog-slubny\/wp-json\/wp\/v2\/posts\/2639","targetHints":{"allow":["GET"]}}],"collection":[{"href":"https:\/\/www.towesele.pl\/blog-slubny\/wp-json\/wp\/v2\/posts"}],"about":[{"href":"https:\/\/www.towesele.pl\/blog-slubny\/wp-json\/wp\/v2\/types\/post"}],"author":[{"embeddable":true,"href":"https:\/\/www.towesele.pl\/blog-slubny\/wp-json\/wp\/v2\/users\/1"}],"replies":[{"embeddable":true,"href":"https:\/\/www.towesele.pl\/blog-slubny\/wp-json\/wp\/v2\/comments?post=2639"}],"version-history":[{"count":7,"href":"https:\/\/www.towesele.pl\/blog-slubny\/wp-json\/wp\/v2\/posts\/2639\/revisions"}],"predecessor-version":[{"id":2647,"href":"https:\/\/www.towesele.pl\/blog-slubny\/wp-json\/wp\/v2\/posts\/2639\/revisions\/2647"}],"wp:featuredmedia":[{"embeddable":true,"href":"https:\/\/www.towesele.pl\/blog-slubny\/wp-json\/wp\/v2\/media\/2640"}],"wp:attachment":[{"href":"https:\/\/www.towesele.pl\/blog-slubny\/wp-json\/wp\/v2\/media?parent=2639"}],"wp:term":[{"taxonomy":"category","embeddable":true,"href":"https:\/\/www.towesele.pl\/blog-slubny\/wp-json\/wp\/v2\/categories?post=2639"},{"taxonomy":"post_tag","embeddable":true,"href":"https:\/\/www.towesele.pl\/blog-slubny\/wp-json\/wp\/v2\/tags?post=2639"}],"curies":[{"name":"wp","href":"https:\/\/api.w.org\/{rel}","templated":true}]}}