{"id":1027,"date":"2017-12-27T06:05:11","date_gmt":"2017-12-27T05:05:11","guid":{"rendered":"https:\/\/www.towesele.pl\/blog-slubny\/?p=1027"},"modified":"2017-12-24T12:34:17","modified_gmt":"2017-12-24T11:34:17","slug":"kazda-pora-roku-dobra-by-wziac-slub","status":"publish","type":"post","link":"https:\/\/www.towesele.pl\/blog-slubny\/kazda-pora-roku-dobra-by-wziac-slub-1027.html","title":{"rendered":"Ka\u017cda pora roku jest dobra na to, by wzi\u0105\u0107 \u015blub!"},"content":{"rendered":"<p>W naszym kraju zdecydowana wi\u0119kszo\u015b\u0107 par zakochanych decyduje si\u0119 na powiedzenie sobie \u201eTak\u201d w miesi\u0105cach letnich, niekwestionowanymi mistrzami w\u015br\u00f3d miesi\u0119cy s\u0105 tutaj czerwiec oraz sierpie\u0144. Jednak nie nale\u017cy zapomina\u0107, \u017ce ka\u017cda pora roku ma swoje uroku, ka\u017cda daje nam od siebie co\u015b innego, ka\u017cda nadaje si\u0119 do tego, by \u015blubowa\u0107 sobie mi\u0142o\u015b\u0107, wierno\u015b\u0107 oraz uczciwo\u015b\u0107 ma\u0142\u017ce\u0144sk\u0105. Zapraszamy serdecznie do zapoznania si\u0119 z naszym zestawieniem \u2013 mamy nadziej\u0119, \u017ce pomo\u017ce Wam ono wybra\u0107 ten idealny moment na \u015blubn\u0105 ceremoni\u0119 oraz przyj\u0119cie weselne!<\/p>\n<h2><b>1. \u015alub na wiosn\u0119<\/b><\/h2>\n<p>Wiosna jest czasem, w kt\u00f3rym ca\u0142y \u015bwiat budzi si\u0119 do \u017cycia, przyroda rozkwita, zwierz\u0119ta budz\u0105 si\u0119 ze snu zimowego. To wiosn\u0105 \u015bwi\u0119tujemy tak\u017ce Wielkanoc. Je\u015bli to pora roku, w kt\u00f3rej jak najbardziej warto stan\u0105\u0107 na \u015blubnym kobiercu \u2013 tak z pewno\u015bci\u0105 us\u0142yszycie od ka\u017cdej pary, kt\u00f3ra w\u0142a\u015bnie wtedy powiedzia\u0142a sobie \u201eTak\u201d.<\/p>\n<p>Wiosn\u0105 pojawia si\u0119 ca\u0142e mn\u00f3stwo kwiat\u00f3w, warto zatem du\u017c\u0105 ich ilo\u015b\u0107 w\u0142\u0105czy\u0107 do dekoracji \u2013 efekt b\u0119dzie niesamowity! Je\u015bli za\u015b chodzi o kolorystyk\u0119, istniej\u0105 dwa wyj\u015bcia. Jedno z nich to zastosowanie barw intensywnych (\u017c\u00f3\u0142cie, zielenie, fiolety), jak i tych pastelowych. Jedne i drugie bowiem kojarz\u0105 si\u0119 z wiosennymi dniami. \u015alub na wiosn\u0119 to jest to!<\/p>\n<p>[smart-grid row_height=&#8221;350&#8243; mobile_row_height=&#8221;250&#8243;]<\/p>\n<div id='gallery-1' class='gallery galleryid-1027 gallery-columns-3 gallery-size-thumbnail'><figure class='gallery-item'>\n\t\t\t<div class='gallery-icon landscape'>\n\t\t\t\t<a href='https:\/\/www.towesele.pl\/blog-slubny\/kazda-pora-roku-dobra-by-wziac-slub-1027.html\/slub-na-wiosne-1'><img loading=\"lazy\" decoding=\"async\" width=\"150\" height=\"150\" src=\"https:\/\/www.towesele.pl\/blog-slubny\/wp-content\/uploads\/2017\/12\/slub-na-wiosne-1-150x150.jpg\" class=\"attachment-thumbnail size-thumbnail\" alt=\"\u015alub na wiosn\u0119\" \/><\/a>\n\t\t\t<\/div><\/figure><figure class='gallery-item'>\n\t\t\t<div class='gallery-icon portrait'>\n\t\t\t\t<a href='https:\/\/www.towesele.pl\/blog-slubny\/kazda-pora-roku-dobra-by-wziac-slub-1027.html\/slub-na-wiosne-2'><img loading=\"lazy\" decoding=\"async\" width=\"150\" height=\"150\" src=\"https:\/\/www.towesele.pl\/blog-slubny\/wp-content\/uploads\/2017\/12\/slub-na-wiosne-2-150x150.jpg\" class=\"attachment-thumbnail size-thumbnail\" alt=\"\u015alub na wiosn\u0119\" \/><\/a>\n\t\t\t<\/div><\/figure><figure class='gallery-item'>\n\t\t\t<div class='gallery-icon portrait'>\n\t\t\t\t<a href='https:\/\/www.towesele.pl\/blog-slubny\/kazda-pora-roku-dobra-by-wziac-slub-1027.html\/slub-na-wiosne-3'><img loading=\"lazy\" decoding=\"async\" width=\"150\" height=\"150\" src=\"https:\/\/www.towesele.pl\/blog-slubny\/wp-content\/uploads\/2017\/12\/slub-na-wiosne-3-150x150.jpg\" class=\"attachment-thumbnail size-thumbnail\" alt=\"\u015alub na wiosn\u0119\" \/><\/a>\n\t\t\t<\/div><\/figure><figure class='gallery-item'>\n\t\t\t<div class='gallery-icon portrait'>\n\t\t\t\t<a href='https:\/\/www.towesele.pl\/blog-slubny\/kazda-pora-roku-dobra-by-wziac-slub-1027.html\/slub-na-wiosne-4'><img loading=\"lazy\" decoding=\"async\" width=\"150\" height=\"150\" src=\"https:\/\/www.towesele.pl\/blog-slubny\/wp-content\/uploads\/2017\/12\/slub-na-wiosne-4-150x150.jpg\" class=\"attachment-thumbnail size-thumbnail\" alt=\"\u015alub na wiosn\u0119\" \/><\/a>\n\t\t\t<\/div><\/figure><figure class='gallery-item'>\n\t\t\t<div class='gallery-icon landscape'>\n\t\t\t\t<a href='https:\/\/www.towesele.pl\/blog-slubny\/kazda-pora-roku-dobra-by-wziac-slub-1027.html\/slub-na-wiosne-5'><img loading=\"lazy\" decoding=\"async\" width=\"150\" height=\"150\" src=\"https:\/\/www.towesele.pl\/blog-slubny\/wp-content\/uploads\/2017\/12\/slub-na-wiosne-5-150x150.jpg\" class=\"attachment-thumbnail size-thumbnail\" alt=\"\u015alub na wiosn\u0119\" \/><\/a>\n\t\t\t<\/div><\/figure><figure class='gallery-item'>\n\t\t\t<div class='gallery-icon portrait'>\n\t\t\t\t<a href='https:\/\/www.towesele.pl\/blog-slubny\/kazda-pora-roku-dobra-by-wziac-slub-1027.html\/slub-na-wiosne-6'><img loading=\"lazy\" decoding=\"async\" width=\"150\" height=\"150\" src=\"https:\/\/www.towesele.pl\/blog-slubny\/wp-content\/uploads\/2017\/12\/slub-na-wiosne-6-150x150.jpg\" class=\"attachment-thumbnail size-thumbnail\" alt=\"\u015alub na wiosn\u0119\" \/><\/a>\n\t\t\t<\/div><\/figure><figure class='gallery-item'>\n\t\t\t<div class='gallery-icon portrait'>\n\t\t\t\t<a href='https:\/\/www.towesele.pl\/blog-slubny\/kazda-pora-roku-dobra-by-wziac-slub-1027.html\/slub-na-wiosne-7'><img loading=\"lazy\" decoding=\"async\" width=\"150\" height=\"150\" src=\"https:\/\/www.towesele.pl\/blog-slubny\/wp-content\/uploads\/2017\/12\/slub-na-wiosne-7-150x150.jpg\" class=\"attachment-thumbnail size-thumbnail\" alt=\"\u015alub na wiosn\u0119\" \/><\/a>\n\t\t\t<\/div><\/figure><figure class='gallery-item'>\n\t\t\t<div class='gallery-icon portrait'>\n\t\t\t\t<a href='https:\/\/www.towesele.pl\/blog-slubny\/kazda-pora-roku-dobra-by-wziac-slub-1027.html\/slub-na-wiosne-8'><img loading=\"lazy\" decoding=\"async\" width=\"150\" height=\"150\" src=\"https:\/\/www.towesele.pl\/blog-slubny\/wp-content\/uploads\/2017\/12\/slub-na-wiosne-8-150x150.jpg\" class=\"attachment-thumbnail size-thumbnail\" alt=\"\u015alub na wiosn\u0119\" \/><\/a>\n\t\t\t<\/div><\/figure><figure class='gallery-item'>\n\t\t\t<div class='gallery-icon landscape'>\n\t\t\t\t<a href='https:\/\/www.towesele.pl\/blog-slubny\/kazda-pora-roku-dobra-by-wziac-slub-1027.html\/slub-na-wiosne-9'><img loading=\"lazy\" decoding=\"async\" width=\"150\" height=\"150\" src=\"https:\/\/www.towesele.pl\/blog-slubny\/wp-content\/uploads\/2017\/12\/slub-na-wiosne-9-150x150.jpg\" class=\"attachment-thumbnail size-thumbnail\" alt=\"\u015alub na wiosn\u0119\" srcset=\"https:\/\/www.towesele.pl\/blog-slubny\/wp-content\/uploads\/2017\/12\/slub-na-wiosne-9-150x150.jpg 150w, https:\/\/www.towesele.pl\/blog-slubny\/wp-content\/uploads\/2017\/12\/slub-na-wiosne-9-300x300.jpg 300w, https:\/\/www.towesele.pl\/blog-slubny\/wp-content\/uploads\/2017\/12\/slub-na-wiosne-9.jpg 564w\" sizes=\"auto, (max-width: 150px) 100vw, 150px\" \/><\/a>\n\t\t\t<\/div><\/figure>\n\t\t<\/div>\n\n<p>[\/smart-grid]<\/p>\n<h2><b>2. Letni \u015blub<\/b><\/h2>\n<p>Letnie \u015bluby w naszym kraju zdecydowanie wiod\u0105 prym \u2013 nie ulega to w\u0105tpliwo\u015bci. Dzieje si\u0119 tak z wielu powod\u00f3w. Najwa\u017cniejsza jest kwestia pogody \u2013 wszak znacznie bardziej prawdopodobnym jest, \u017ce pi\u0119kne promienie s\u0142oneczne pojawi\u0105 si\u0119 w czerwcu czy lipcu ni\u017c na przyk\u0142ad w listopadzie. W miesi\u0105cach letnich niedrogie s\u0105 kwiaty i owoce, go\u015bcie tak\u017ce wspaniale prezentuj\u0105 si\u0119 w swoich od\u015bwi\u0119tnych strojach, gdy s\u0105 opaleni i wypocz\u0119ci! Ceremonia i przyj\u0119cie pod chmurk\u0105 \u2013 to tak\u017ce<\/p>\n<p>[smart-grid row_height=&#8221;350&#8243; mobile_row_height=&#8221;250&#8243;]<\/p>\n<div id='gallery-2' class='gallery galleryid-1027 gallery-columns-3 gallery-size-thumbnail'><figure class='gallery-item'>\n\t\t\t<div class='gallery-icon portrait'>\n\t\t\t\t<a href='https:\/\/www.towesele.pl\/blog-slubny\/kazda-pora-roku-dobra-by-wziac-slub-1027.html\/slub-latem-1'><img loading=\"lazy\" decoding=\"async\" width=\"150\" height=\"150\" src=\"https:\/\/www.towesele.pl\/blog-slubny\/wp-content\/uploads\/2017\/12\/slub-latem-1-150x150.jpg\" class=\"attachment-thumbnail size-thumbnail\" alt=\"\u015blub latem\" \/><\/a>\n\t\t\t<\/div><\/figure><figure class='gallery-item'>\n\t\t\t<div class='gallery-icon portrait'>\n\t\t\t\t<a href='https:\/\/www.towesele.pl\/blog-slubny\/kazda-pora-roku-dobra-by-wziac-slub-1027.html\/slub-latem-2'><img loading=\"lazy\" decoding=\"async\" width=\"150\" height=\"150\" src=\"https:\/\/www.towesele.pl\/blog-slubny\/wp-content\/uploads\/2017\/12\/slub-latem-2-150x150.jpg\" class=\"attachment-thumbnail size-thumbnail\" alt=\"\u015blub latem\" \/><\/a>\n\t\t\t<\/div><\/figure><figure class='gallery-item'>\n\t\t\t<div class='gallery-icon landscape'>\n\t\t\t\t<a href='https:\/\/www.towesele.pl\/blog-slubny\/kazda-pora-roku-dobra-by-wziac-slub-1027.html\/slub-latem-3'><img loading=\"lazy\" decoding=\"async\" width=\"150\" height=\"150\" src=\"https:\/\/www.towesele.pl\/blog-slubny\/wp-content\/uploads\/2017\/12\/slub-latem-3-150x150.jpg\" class=\"attachment-thumbnail size-thumbnail\" alt=\"\u015blub latem\" \/><\/a>\n\t\t\t<\/div><\/figure><figure class='gallery-item'>\n\t\t\t<div class='gallery-icon portrait'>\n\t\t\t\t<a href='https:\/\/www.towesele.pl\/blog-slubny\/kazda-pora-roku-dobra-by-wziac-slub-1027.html\/slub-latem-4'><img loading=\"lazy\" decoding=\"async\" width=\"150\" height=\"150\" src=\"https:\/\/www.towesele.pl\/blog-slubny\/wp-content\/uploads\/2017\/12\/slub-latem-4-150x150.jpg\" class=\"attachment-thumbnail size-thumbnail\" alt=\"\u015blub latem\" \/><\/a>\n\t\t\t<\/div><\/figure><figure class='gallery-item'>\n\t\t\t<div class='gallery-icon portrait'>\n\t\t\t\t<a href='https:\/\/www.towesele.pl\/blog-slubny\/kazda-pora-roku-dobra-by-wziac-slub-1027.html\/slub-latem-5'><img loading=\"lazy\" decoding=\"async\" width=\"150\" height=\"150\" src=\"https:\/\/www.towesele.pl\/blog-slubny\/wp-content\/uploads\/2017\/12\/slub-latem-5-150x150.jpg\" class=\"attachment-thumbnail size-thumbnail\" alt=\"\u015blub latem\" \/><\/a>\n\t\t\t<\/div><\/figure><figure class='gallery-item'>\n\t\t\t<div class='gallery-icon portrait'>\n\t\t\t\t<a href='https:\/\/www.towesele.pl\/blog-slubny\/kazda-pora-roku-dobra-by-wziac-slub-1027.html\/slub-latem-6'><img loading=\"lazy\" decoding=\"async\" width=\"150\" height=\"150\" src=\"https:\/\/www.towesele.pl\/blog-slubny\/wp-content\/uploads\/2017\/12\/slub-latem-6-150x150.jpg\" class=\"attachment-thumbnail size-thumbnail\" alt=\"\u015blub latem\" \/><\/a>\n\t\t\t<\/div><\/figure><figure class='gallery-item'>\n\t\t\t<div class='gallery-icon portrait'>\n\t\t\t\t<a href='https:\/\/www.towesele.pl\/blog-slubny\/kazda-pora-roku-dobra-by-wziac-slub-1027.html\/slub-latem-7'><img loading=\"lazy\" decoding=\"async\" width=\"150\" height=\"150\" src=\"https:\/\/www.towesele.pl\/blog-slubny\/wp-content\/uploads\/2017\/12\/slub-latem-7-150x150.jpg\" class=\"attachment-thumbnail size-thumbnail\" alt=\"\u015blub latem\" \/><\/a>\n\t\t\t<\/div><\/figure><figure class='gallery-item'>\n\t\t\t<div class='gallery-icon portrait'>\n\t\t\t\t<a href='https:\/\/www.towesele.pl\/blog-slubny\/kazda-pora-roku-dobra-by-wziac-slub-1027.html\/slub-latem-8'><img loading=\"lazy\" decoding=\"async\" width=\"150\" height=\"150\" src=\"https:\/\/www.towesele.pl\/blog-slubny\/wp-content\/uploads\/2017\/12\/slub-latem-8-150x150.jpg\" class=\"attachment-thumbnail size-thumbnail\" alt=\"\u015blub latem\" \/><\/a>\n\t\t\t<\/div><\/figure><figure class='gallery-item'>\n\t\t\t<div class='gallery-icon portrait'>\n\t\t\t\t<a href='https:\/\/www.towesele.pl\/blog-slubny\/kazda-pora-roku-dobra-by-wziac-slub-1027.html\/slub-latem-9'><img loading=\"lazy\" decoding=\"async\" width=\"150\" height=\"150\" src=\"https:\/\/www.towesele.pl\/blog-slubny\/wp-content\/uploads\/2017\/12\/slub-latem-9-150x150.jpg\" class=\"attachment-thumbnail size-thumbnail\" alt=\"\u015blub latem\" \/><\/a>\n\t\t\t<\/div><\/figure>\n\t\t<\/div>\n\n<p>[\/smart-grid]<\/p>\n<h2><b>3. Ceremonia i przyj\u0119cie jesienn\u0105 por\u0105<\/b><\/h2>\n<p>Z\u0142ota polska jesie\u0144 potrafi wygl\u0105da\u0107 naprawd\u0119 bajecznie. Co jest mocn\u0105 stron\u0105 tej pory roku? Przede wszystkim ca\u0142a feeria barw. \u017b\u00f3\u0142ty, pomara\u0144czowy, czerwony, br\u0105zowy \u2013 tego typu kolory b\u0119d\u0105 stanowi\u0142y znakomite t\u0142o dla Was.<\/p>\n<p>Wczesn\u0105 jesieni\u0105 jest jeszcze ciep\u0142o, zatem jak najbardziej mo\u017ce si\u0119 okaza\u0107, \u017ce Pani M\u0142odej wystarczy sama suknia \u015blubna bez \u017cadnej dodatkowej narzutki, natomiast koniec jesieni to ju\u017c moment, w kt\u00f3rym jak najbardziej jest mo\u017cliwo\u015b\u0107 urz\u0105dzenia weselnego przyj\u0119cia w klimacie Halloween.<\/p>\n<p>Jesieni\u0105 owoce i kwiaty nie kosztuj\u0105 du\u017co, mo\u017cecie w\u00f3wczas urz\u0105dzi\u0107 niezapomniany \u015blub i przepi\u0119kne weselne przyj\u0119cie!<\/p>\n<p>[smart-grid row_height=&#8221;350&#8243; mobile_row_height=&#8221;250&#8243;]<\/p>\n<div id='gallery-3' class='gallery galleryid-1027 gallery-columns-3 gallery-size-thumbnail'><figure class='gallery-item'>\n\t\t\t<div class='gallery-icon portrait'>\n\t\t\t\t<a href='https:\/\/www.towesele.pl\/blog-slubny\/kazda-pora-roku-dobra-by-wziac-slub-1027.html\/slub-jesienia-1-2'><img loading=\"lazy\" decoding=\"async\" width=\"150\" height=\"150\" src=\"https:\/\/www.towesele.pl\/blog-slubny\/wp-content\/uploads\/2017\/12\/slub-jesienia-1-1-150x150.jpg\" class=\"attachment-thumbnail size-thumbnail\" alt=\"\u015blub jesieni\u0105\" \/><\/a>\n\t\t\t<\/div><\/figure><figure class='gallery-item'>\n\t\t\t<div class='gallery-icon portrait'>\n\t\t\t\t<a href='https:\/\/www.towesele.pl\/blog-slubny\/kazda-pora-roku-dobra-by-wziac-slub-1027.html\/slub-jesienia-2-2'><img loading=\"lazy\" decoding=\"async\" width=\"150\" height=\"150\" src=\"https:\/\/www.towesele.pl\/blog-slubny\/wp-content\/uploads\/2017\/12\/slub-jesienia-2-1-150x150.jpg\" class=\"attachment-thumbnail size-thumbnail\" alt=\"\u015blub jesieni\u0105\" \/><\/a>\n\t\t\t<\/div><\/figure><figure class='gallery-item'>\n\t\t\t<div class='gallery-icon portrait'>\n\t\t\t\t<a href='https:\/\/www.towesele.pl\/blog-slubny\/kazda-pora-roku-dobra-by-wziac-slub-1027.html\/slub-jesienia-3-2'><img loading=\"lazy\" decoding=\"async\" width=\"150\" height=\"150\" src=\"https:\/\/www.towesele.pl\/blog-slubny\/wp-content\/uploads\/2017\/12\/slub-jesienia-3-1-150x150.jpg\" class=\"attachment-thumbnail size-thumbnail\" alt=\"\u015blub jesieni\u0105\" \/><\/a>\n\t\t\t<\/div><\/figure><figure class='gallery-item'>\n\t\t\t<div class='gallery-icon portrait'>\n\t\t\t\t<a href='https:\/\/www.towesele.pl\/blog-slubny\/kazda-pora-roku-dobra-by-wziac-slub-1027.html\/slub-jesienia-4-2'><img loading=\"lazy\" decoding=\"async\" width=\"150\" height=\"150\" src=\"https:\/\/www.towesele.pl\/blog-slubny\/wp-content\/uploads\/2017\/12\/slub-jesienia-4-1-150x150.jpg\" class=\"attachment-thumbnail size-thumbnail\" alt=\"\u015blub jesieni\u0105\" \/><\/a>\n\t\t\t<\/div><\/figure><figure class='gallery-item'>\n\t\t\t<div class='gallery-icon portrait'>\n\t\t\t\t<a href='https:\/\/www.towesele.pl\/blog-slubny\/kazda-pora-roku-dobra-by-wziac-slub-1027.html\/slub-jesienia-5-2'><img loading=\"lazy\" decoding=\"async\" width=\"150\" height=\"150\" src=\"https:\/\/www.towesele.pl\/blog-slubny\/wp-content\/uploads\/2017\/12\/slub-jesienia-5-1-150x150.jpg\" class=\"attachment-thumbnail size-thumbnail\" alt=\"\u015blub jesieni\u0105\" \/><\/a>\n\t\t\t<\/div><\/figure><figure class='gallery-item'>\n\t\t\t<div class='gallery-icon portrait'>\n\t\t\t\t<a href='https:\/\/www.towesele.pl\/blog-slubny\/kazda-pora-roku-dobra-by-wziac-slub-1027.html\/slub-jesienia-6-2'><img loading=\"lazy\" decoding=\"async\" width=\"150\" height=\"150\" src=\"https:\/\/www.towesele.pl\/blog-slubny\/wp-content\/uploads\/2017\/12\/slub-jesienia-6-1-150x150.jpg\" class=\"attachment-thumbnail size-thumbnail\" alt=\"\u015blub jesieni\u0105\" \/><\/a>\n\t\t\t<\/div><\/figure><figure class='gallery-item'>\n\t\t\t<div class='gallery-icon portrait'>\n\t\t\t\t<a href='https:\/\/www.towesele.pl\/blog-slubny\/kazda-pora-roku-dobra-by-wziac-slub-1027.html\/slub-jesienia-7-2'><img loading=\"lazy\" decoding=\"async\" width=\"150\" height=\"150\" src=\"https:\/\/www.towesele.pl\/blog-slubny\/wp-content\/uploads\/2017\/12\/slub-jesienia-7-1-150x150.jpg\" class=\"attachment-thumbnail size-thumbnail\" alt=\"\u015blub jesieni\u0105\" \/><\/a>\n\t\t\t<\/div><\/figure><figure class='gallery-item'>\n\t\t\t<div class='gallery-icon portrait'>\n\t\t\t\t<a href='https:\/\/www.towesele.pl\/blog-slubny\/kazda-pora-roku-dobra-by-wziac-slub-1027.html\/slub-jesienia-8-2'><img loading=\"lazy\" decoding=\"async\" width=\"150\" height=\"150\" src=\"https:\/\/www.towesele.pl\/blog-slubny\/wp-content\/uploads\/2017\/12\/slub-jesienia-8-1-150x150.jpg\" class=\"attachment-thumbnail size-thumbnail\" alt=\"\u015blub jesieni\u0105\" \/><\/a>\n\t\t\t<\/div><\/figure><figure class='gallery-item'>\n\t\t\t<div class='gallery-icon portrait'>\n\t\t\t\t<a href='https:\/\/www.towesele.pl\/blog-slubny\/kazda-pora-roku-dobra-by-wziac-slub-1027.html\/slub-jesienia-9-2'><img loading=\"lazy\" decoding=\"async\" width=\"150\" height=\"150\" src=\"https:\/\/www.towesele.pl\/blog-slubny\/wp-content\/uploads\/2017\/12\/slub-jesienia-9-1-150x150.jpg\" class=\"attachment-thumbnail size-thumbnail\" alt=\"\u015blub jesieni\u0105\" \/><\/a>\n\t\t\t<\/div><\/figure>\n\t\t<\/div>\n\n<p>[\/smart-grid]<\/p>\n<h2><b>4. Zimowy dzie\u0144 \u015blubu i wesela<\/b><\/h2>\n<p>Je\u015bli parze zakochanych uda si\u0119 trafi\u0107 na pi\u0119kny zimowy dzie\u0144, maj\u0105 zagwarantowane wesele niczym z bajki. \u015anieg, lekki mr\u00f3z, przepi\u0119kne widoki \u2013 niejedna osoba marzy o takim w\u0142a\u015bnie sp\u0119dzeniu najwa\u017cniejszych moment\u00f3w w swoim \u017cyciu.<\/p>\n<p>Je\u015bli za\u015b chodzi o dekoracje i ozdoby, warto postawi\u0107 na czerwie\u0144 oraz ziele\u0144, te barwy bowiem znakomicie b\u0119d\u0105 si\u0119 prezentowa\u0142y. Zimowe \u015bluby nierzadko odbywaj\u0105 si\u0119 w Bo\u017ce Narodzenie lub Sylwestra, wtedy pi\u0119kne dekoracje w formie choinek i \u015bwiate\u0142ek s\u0105 gwarantowane!<\/p>\n<p>[smart-grid row_height=&#8221;450&#8243; mobile_row_height=&#8221;250&#8243;]<\/p>\n<div id='gallery-4' class='gallery galleryid-1027 gallery-columns-3 gallery-size-thumbnail'><figure class='gallery-item'>\n\t\t\t<div class='gallery-icon portrait'>\n\t\t\t\t<a href='https:\/\/www.towesele.pl\/blog-slubny\/kazda-pora-roku-dobra-by-wziac-slub-1027.html\/slub-zima-1'><img loading=\"lazy\" decoding=\"async\" width=\"150\" height=\"150\" src=\"https:\/\/www.towesele.pl\/blog-slubny\/wp-content\/uploads\/2017\/12\/slub-zima-1-150x150.jpg\" class=\"attachment-thumbnail size-thumbnail\" alt=\"\u015blub zim\u0105\" \/><\/a>\n\t\t\t<\/div><\/figure><figure class='gallery-item'>\n\t\t\t<div class='gallery-icon portrait'>\n\t\t\t\t<a href='https:\/\/www.towesele.pl\/blog-slubny\/kazda-pora-roku-dobra-by-wziac-slub-1027.html\/slub-zima-2'><img loading=\"lazy\" decoding=\"async\" width=\"150\" height=\"150\" src=\"https:\/\/www.towesele.pl\/blog-slubny\/wp-content\/uploads\/2017\/12\/slub-zima-2-150x150.jpg\" class=\"attachment-thumbnail size-thumbnail\" alt=\"\u015blub zim\u0105\" \/><\/a>\n\t\t\t<\/div><\/figure><figure class='gallery-item'>\n\t\t\t<div class='gallery-icon portrait'>\n\t\t\t\t<a href='https:\/\/www.towesele.pl\/blog-slubny\/kazda-pora-roku-dobra-by-wziac-slub-1027.html\/slub-zima-3'><img loading=\"lazy\" decoding=\"async\" width=\"150\" height=\"150\" src=\"https:\/\/www.towesele.pl\/blog-slubny\/wp-content\/uploads\/2017\/12\/slub-zima-3-150x150.jpg\" class=\"attachment-thumbnail size-thumbnail\" alt=\"\u015blub zim\u0105\" \/><\/a>\n\t\t\t<\/div><\/figure><figure class='gallery-item'>\n\t\t\t<div class='gallery-icon portrait'>\n\t\t\t\t<a href='https:\/\/www.towesele.pl\/blog-slubny\/kazda-pora-roku-dobra-by-wziac-slub-1027.html\/slub-zima-4'><img loading=\"lazy\" decoding=\"async\" width=\"150\" height=\"150\" src=\"https:\/\/www.towesele.pl\/blog-slubny\/wp-content\/uploads\/2017\/12\/slub-zima-4-150x150.jpg\" class=\"attachment-thumbnail size-thumbnail\" alt=\"\u015blub zim\u0105\" srcset=\"https:\/\/www.towesele.pl\/blog-slubny\/wp-content\/uploads\/2017\/12\/slub-zima-4-150x150.jpg 150w, https:\/\/www.towesele.pl\/blog-slubny\/wp-content\/uploads\/2017\/12\/slub-zima-4-500x500.jpg 500w\" sizes=\"auto, (max-width: 150px) 100vw, 150px\" \/><\/a>\n\t\t\t<\/div><\/figure><figure class='gallery-item'>\n\t\t\t<div class='gallery-icon portrait'>\n\t\t\t\t<a href='https:\/\/www.towesele.pl\/blog-slubny\/kazda-pora-roku-dobra-by-wziac-slub-1027.html\/slub-zima-5'><img loading=\"lazy\" decoding=\"async\" width=\"150\" height=\"150\" src=\"https:\/\/www.towesele.pl\/blog-slubny\/wp-content\/uploads\/2017\/12\/slub-zima-5-150x150.jpg\" class=\"attachment-thumbnail size-thumbnail\" alt=\"\u015blub zim\u0105\" \/><\/a>\n\t\t\t<\/div><\/figure><figure class='gallery-item'>\n\t\t\t<div class='gallery-icon landscape'>\n\t\t\t\t<a href='https:\/\/www.towesele.pl\/blog-slubny\/kazda-pora-roku-dobra-by-wziac-slub-1027.html\/slub-zima-6'><img loading=\"lazy\" decoding=\"async\" width=\"150\" height=\"150\" src=\"https:\/\/www.towesele.pl\/blog-slubny\/wp-content\/uploads\/2017\/12\/slub-zima-6-150x150.jpg\" class=\"attachment-thumbnail size-thumbnail\" alt=\"\u015blub zim\u0105\" \/><\/a>\n\t\t\t<\/div><\/figure><figure class='gallery-item'>\n\t\t\t<div class='gallery-icon portrait'>\n\t\t\t\t<a href='https:\/\/www.towesele.pl\/blog-slubny\/kazda-pora-roku-dobra-by-wziac-slub-1027.html\/slub-zima-7'><img loading=\"lazy\" decoding=\"async\" width=\"150\" height=\"150\" src=\"https:\/\/www.towesele.pl\/blog-slubny\/wp-content\/uploads\/2017\/12\/slub-zima-7-150x150.jpg\" class=\"attachment-thumbnail size-thumbnail\" alt=\"\u015blub zim\u0105\" srcset=\"https:\/\/www.towesele.pl\/blog-slubny\/wp-content\/uploads\/2017\/12\/slub-zima-7-150x150.jpg 150w, https:\/\/www.towesele.pl\/blog-slubny\/wp-content\/uploads\/2017\/12\/slub-zima-7-500x500.jpg 500w\" sizes=\"auto, (max-width: 150px) 100vw, 150px\" \/><\/a>\n\t\t\t<\/div><\/figure><figure class='gallery-item'>\n\t\t\t<div class='gallery-icon portrait'>\n\t\t\t\t<a href='https:\/\/www.towesele.pl\/blog-slubny\/kazda-pora-roku-dobra-by-wziac-slub-1027.html\/slub-zima-8'><img loading=\"lazy\" decoding=\"async\" width=\"150\" height=\"150\" src=\"https:\/\/www.towesele.pl\/blog-slubny\/wp-content\/uploads\/2017\/12\/slub-zima-8-150x150.jpg\" class=\"attachment-thumbnail size-thumbnail\" alt=\"\u015blub zim\u0105\" \/><\/a>\n\t\t\t<\/div><\/figure><figure class='gallery-item'>\n\t\t\t<div class='gallery-icon portrait'>\n\t\t\t\t<a href='https:\/\/www.towesele.pl\/blog-slubny\/kazda-pora-roku-dobra-by-wziac-slub-1027.html\/slub-zima-9'><img loading=\"lazy\" decoding=\"async\" width=\"150\" height=\"150\" src=\"https:\/\/www.towesele.pl\/blog-slubny\/wp-content\/uploads\/2017\/12\/slub-zima-9-150x150.jpg\" class=\"attachment-thumbnail size-thumbnail\" alt=\"\u015blub zim\u0105\" \/><\/a>\n\t\t\t<\/div><\/figure>\n\t\t<\/div>\n\n<p>[\/smart-grid]<\/p>\n<p><em>Zdj\u0119cia: <a href=\"https:\/\/pl.pinterest.com\" rel=\"nofollow\">Pinterest.com<\/a><\/em><\/p>\n<p><em>Zdj\u0119cia: <a href=\"https:\/\/pixabay.com\" rel=\"nofollow\">Pixabay.com<\/a><\/em><\/p>\n","protected":false},"excerpt":{"rendered":"<p>W naszym kraju zdecydowana wi\u0119kszo\u015b\u0107 par zakochanych decyduje si\u0119 na powiedzenie sobie \u201eTak\u201d w miesi\u0105cach letnich, niekwestionowanymi mistrzami w\u015br\u00f3d miesi\u0119cy s\u0105 tutaj czerwiec oraz sierpie\u0144. Jednak nie nale\u017cy zapomina\u0107, \u017ce ka\u017cda pora roku ma swoje uroku, ka\u017cda daje nam od siebie co\u015b innego, ka\u017cda nadaje si\u0119 do tego, by \u015blubowa\u0107 sobie mi\u0142o\u015b\u0107, wierno\u015b\u0107 oraz uczciwo\u015b\u0107 [&hellip;]<\/p>\n","protected":false},"author":1,"featured_media":1057,"comment_status":"open","ping_status":"open","sticky":false,"template":"","format":"standard","meta":{"footnotes":""},"categories":[118,109,102],"tags":[185,186,158,187,188,157,189,159,191,190,194,192,193,195,183,180,184,182,181],"class_list":["post-1027","post","type-post","status-publish","format-standard","has-post-thumbnail","hentry","category-ceremonia-slubna","category-organizacja-slubu","category-slub-i-wesele","tag-ceremonia-i-przyjecie-jesienna-pora","tag-jesienia-slub","tag-jesienne-wesele","tag-letni-slub","tag-letnie-wesele","tag-slub-jesienia","tag-slub-latem","tag-slub-na-jesien","tag-slub-na-wiosne","tag-slub-w-lato","tag-slub-wiosna","tag-wesele-na-wiosne","tag-wesele-wiosna","tag-wziac-slub","tag-zimowe-wesele","tag-zimowy-dzien-slubu-i-wesela","tag-zimowy-dzien-wesela","tag-zimowy-slub","tag-zimowy-slub-i-wesele"],"yoast_head":"<!-- This site is optimized with the Yoast SEO Premium plugin v20.0 (Yoast SEO v24.7) - https:\/\/yoast.com\/wordpress\/plugins\/seo\/ -->\n<title>Ka\u017cda pora roku jest dobra na to, by wzi\u0105\u0107 \u015blub! - Blog \u015blubny - Porady i Moda \u015alubna<\/title>\n<meta name=\"description\" content=\"Ka\u017cda pora roku jest dobra na to, by wzi\u0105\u0107 \u015blub! W naszym kraju zdecydowana wi\u0119kszo\u015b\u0107 par zakochanych decyduje si\u0119 na powiedzenie sobie \u201eTak\u201d\" \/>\n<meta name=\"robots\" content=\"index, follow, max-snippet:-1, max-image-preview:large, max-video-preview:-1\" \/>\n<link rel=\"canonical\" href=\"https:\/\/www.towesele.pl\/blog-slubny\/kazda-pora-roku-dobra-by-wziac-slub-1027.html\" \/>\n<meta property=\"og:locale\" content=\"pl_PL\" \/>\n<meta property=\"og:type\" content=\"article\" \/>\n<meta property=\"og:title\" content=\"Ka\u017cda pora roku jest dobra na to, by wzi\u0105\u0107 \u015blub!\" \/>\n<meta property=\"og:description\" content=\"Ka\u017cda pora roku jest dobra na to, by wzi\u0105\u0107 \u015blub! W naszym kraju zdecydowana wi\u0119kszo\u015b\u0107 par zakochanych decyduje si\u0119 na powiedzenie sobie \u201eTak\u201d\" \/>\n<meta property=\"og:url\" content=\"https:\/\/www.towesele.pl\/blog-slubny\/kazda-pora-roku-dobra-by-wziac-slub-1027.html\" \/>\n<meta property=\"og:site_name\" content=\"Blog \u015blubny - Porady i Moda \u015alubna\" \/>\n<meta property=\"article:publisher\" content=\"https:\/\/www.facebook.com\/towesele\" \/>\n<meta property=\"article:author\" content=\"https:\/\/www.facebook.com\/towesele\" \/>\n<meta property=\"article:published_time\" content=\"2017-12-27T05:05:11+00:00\" \/>\n<meta property=\"og:image\" content=\"https:\/\/www.towesele.pl\/blog-slubny\/wp-content\/uploads\/2017\/12\/wziac-slub.jpg\" \/>\n\t<meta property=\"og:image:width\" content=\"960\" \/>\n\t<meta property=\"og:image:height\" content=\"640\" \/>\n\t<meta property=\"og:image:type\" content=\"image\/jpeg\" \/>\n<meta name=\"author\" content=\"Towesele.pl\" \/>\n<meta name=\"twitter:card\" content=\"summary_large_image\" \/>\n<meta name=\"twitter:creator\" content=\"@http:\/\/twitter.com\/towesele\" \/>\n<meta name=\"twitter:site\" content=\"@towesele\" \/>\n<meta name=\"twitter:label1\" content=\"Napisane przez\" \/>\n\t<meta name=\"twitter:data1\" content=\"Towesele.pl\" \/>\n\t<meta name=\"twitter:label2\" content=\"Szacowany czas czytania\" \/>\n\t<meta name=\"twitter:data2\" content=\"3 minuty\" \/>\n<script type=\"application\/ld+json\" class=\"yoast-schema-graph\">{\"@context\":\"https:\/\/schema.org\",\"@graph\":[{\"@type\":\"Article\",\"@id\":\"https:\/\/www.towesele.pl\/blog-slubny\/kazda-pora-roku-dobra-by-wziac-slub-1027.html#article\",\"isPartOf\":{\"@id\":\"https:\/\/www.towesele.pl\/blog-slubny\/kazda-pora-roku-dobra-by-wziac-slub-1027.html\"},\"author\":{\"name\":\"Towesele.pl\",\"@id\":\"https:\/\/www.towesele.pl\/blog-slubny\/#\/schema\/person\/c44117595473d44c8d43ab81dc269f8e\"},\"headline\":\"Ka\u017cda pora roku jest dobra na to, by wzi\u0105\u0107 \u015blub!\",\"datePublished\":\"2017-12-27T05:05:11+00:00\",\"mainEntityOfPage\":{\"@id\":\"https:\/\/www.towesele.pl\/blog-slubny\/kazda-pora-roku-dobra-by-wziac-slub-1027.html\"},\"wordCount\":573,\"commentCount\":2,\"publisher\":{\"@id\":\"https:\/\/www.towesele.pl\/blog-slubny\/#organization\"},\"image\":{\"@id\":\"https:\/\/www.towesele.pl\/blog-slubny\/kazda-pora-roku-dobra-by-wziac-slub-1027.html#primaryimage\"},\"thumbnailUrl\":\"https:\/\/www.towesele.pl\/blog-slubny\/wp-content\/uploads\/2017\/12\/wziac-slub.jpg\",\"keywords\":[\"Ceremonia i przyj\u0119cie jesienn\u0105 por\u0105\",\"jesieni\u0105 \u015blub\",\"jesienne wesele\",\"Letni \u015blub\",\"Letnie wesele\",\"\u015alub jesieni\u0105\",\"\u015blub latem\",\"\u015blub na jesie\u0144\",\"\u015alub na wiosn\u0119\",\"\u015blub w lato\",\"\u015blub wiosn\u0105\",\"wesele na wiosn\u0119\",\"wesele wiosn\u0105\",\"wzi\u0105\u0107 \u015blub\",\"Zimowe wesele\",\"Zimowy dzie\u0144 \u015blubu i wesela\",\"Zimowy dzie\u0144 wesela\",\"Zimowy \u015blub\",\"Zimowy \u015blub i wesele\"],\"articleSection\":[\"Ceremonia \u015blubna\",\"Organizacja \u015blubu\",\"\u015alub i wesele\"],\"inLanguage\":\"pl-PL\",\"potentialAction\":[{\"@type\":\"CommentAction\",\"name\":\"Comment\",\"target\":[\"https:\/\/www.towesele.pl\/blog-slubny\/kazda-pora-roku-dobra-by-wziac-slub-1027.html#respond\"]}]},{\"@type\":\"WebPage\",\"@id\":\"https:\/\/www.towesele.pl\/blog-slubny\/kazda-pora-roku-dobra-by-wziac-slub-1027.html\",\"url\":\"https:\/\/www.towesele.pl\/blog-slubny\/kazda-pora-roku-dobra-by-wziac-slub-1027.html\",\"name\":\"Ka\u017cda pora roku jest dobra na to, by wzi\u0105\u0107 \u015blub! - Blog \u015blubny - Porady i Moda \u015alubna\",\"isPartOf\":{\"@id\":\"https:\/\/www.towesele.pl\/blog-slubny\/#website\"},\"primaryImageOfPage\":{\"@id\":\"https:\/\/www.towesele.pl\/blog-slubny\/kazda-pora-roku-dobra-by-wziac-slub-1027.html#primaryimage\"},\"image\":{\"@id\":\"https:\/\/www.towesele.pl\/blog-slubny\/kazda-pora-roku-dobra-by-wziac-slub-1027.html#primaryimage\"},\"thumbnailUrl\":\"https:\/\/www.towesele.pl\/blog-slubny\/wp-content\/uploads\/2017\/12\/wziac-slub.jpg\",\"datePublished\":\"2017-12-27T05:05:11+00:00\",\"description\":\"Ka\u017cda pora roku jest dobra na to, by wzi\u0105\u0107 \u015blub! W naszym kraju zdecydowana wi\u0119kszo\u015b\u0107 par zakochanych decyduje si\u0119 na powiedzenie sobie \u201eTak\u201d\",\"breadcrumb\":{\"@id\":\"https:\/\/www.towesele.pl\/blog-slubny\/kazda-pora-roku-dobra-by-wziac-slub-1027.html#breadcrumb\"},\"inLanguage\":\"pl-PL\",\"potentialAction\":[{\"@type\":\"ReadAction\",\"target\":[\"https:\/\/www.towesele.pl\/blog-slubny\/kazda-pora-roku-dobra-by-wziac-slub-1027.html\"]}]},{\"@type\":\"ImageObject\",\"inLanguage\":\"pl-PL\",\"@id\":\"https:\/\/www.towesele.pl\/blog-slubny\/kazda-pora-roku-dobra-by-wziac-slub-1027.html#primaryimage\",\"url\":\"https:\/\/www.towesele.pl\/blog-slubny\/wp-content\/uploads\/2017\/12\/wziac-slub.jpg\",\"contentUrl\":\"https:\/\/www.towesele.pl\/blog-slubny\/wp-content\/uploads\/2017\/12\/wziac-slub.jpg\",\"width\":960,\"height\":640,\"caption\":\"wzi\u0105\u0107 \u015blub\"},{\"@type\":\"BreadcrumbList\",\"@id\":\"https:\/\/www.towesele.pl\/blog-slubny\/kazda-pora-roku-dobra-by-wziac-slub-1027.html#breadcrumb\",\"itemListElement\":[{\"@type\":\"ListItem\",\"position\":1,\"name\":\"Strona g\u0142\u00f3wna\",\"item\":\"https:\/\/www.towesele.pl\/blog-slubny\/\"},{\"@type\":\"ListItem\",\"position\":2,\"name\":\"Ka\u017cda pora roku jest dobra na to, by wzi\u0105\u0107 \u015blub!\"}]},{\"@type\":\"WebSite\",\"@id\":\"https:\/\/www.towesele.pl\/blog-slubny\/#website\",\"url\":\"https:\/\/www.towesele.pl\/blog-slubny\/\",\"name\":\"Blog \u015blubny - Porady i Moda \u015alubna\",\"description\":\"Blog \u015blubny - tu znajdziesz przydatne porady i artyku\u0142y do \u015blubu. Twoja przygoda z realizacj\u0105 \u015blubu i wesela rozpoczyna si\u0119 na towesele.pl\",\"publisher\":{\"@id\":\"https:\/\/www.towesele.pl\/blog-slubny\/#organization\"},\"potentialAction\":[{\"@type\":\"SearchAction\",\"target\":{\"@type\":\"EntryPoint\",\"urlTemplate\":\"https:\/\/www.towesele.pl\/blog-slubny\/?s={search_term_string}\"},\"query-input\":{\"@type\":\"PropertyValueSpecification\",\"valueRequired\":true,\"valueName\":\"search_term_string\"}}],\"inLanguage\":\"pl-PL\"},{\"@type\":\"Organization\",\"@id\":\"https:\/\/www.towesele.pl\/blog-slubny\/#organization\",\"name\":\"Blog \u015blubny - Porady i Moda \u015alubna\",\"url\":\"https:\/\/www.towesele.pl\/blog-slubny\/\",\"logo\":{\"@type\":\"ImageObject\",\"inLanguage\":\"pl-PL\",\"@id\":\"https:\/\/www.towesele.pl\/blog-slubny\/#\/schema\/logo\/image\/\",\"url\":\"https:\/\/www.towesele.pl\/blog-slubny\/wp-content\/uploads\/2017\/10\/logo.png\",\"contentUrl\":\"https:\/\/www.towesele.pl\/blog-slubny\/wp-content\/uploads\/2017\/10\/logo.png\",\"width\":393,\"height\":98,\"caption\":\"Blog \u015blubny - Porady i Moda \u015alubna\"},\"image\":{\"@id\":\"https:\/\/www.towesele.pl\/blog-slubny\/#\/schema\/logo\/image\/\"},\"sameAs\":[\"https:\/\/www.facebook.com\/towesele\",\"https:\/\/x.com\/towesele\",\"https:\/\/www.instagram.com\/towesele\/\",\"https:\/\/pl.pinterest.com\/toweselepl\/\"]},{\"@type\":\"Person\",\"@id\":\"https:\/\/www.towesele.pl\/blog-slubny\/#\/schema\/person\/c44117595473d44c8d43ab81dc269f8e\",\"name\":\"Towesele.pl\",\"image\":{\"@type\":\"ImageObject\",\"inLanguage\":\"pl-PL\",\"@id\":\"https:\/\/www.towesele.pl\/blog-slubny\/#\/schema\/person\/image\/\",\"url\":\"https:\/\/secure.gravatar.com\/avatar\/3453e165ec1bd7f3514b72e942e9a4ef?s=96&r=g\",\"contentUrl\":\"https:\/\/secure.gravatar.com\/avatar\/3453e165ec1bd7f3514b72e942e9a4ef?s=96&r=g\",\"caption\":\"Towesele.pl\"},\"description\":\"b\u0105d\u017amy blisko\",\"sameAs\":[\"http:\/\/www.towesele.pl\/\",\"https:\/\/www.facebook.com\/towesele\",\"https:\/\/x.com\/http:\/\/twitter.com\/towesele\"],\"url\":\"https:\/\/www.towesele.pl\/blog-slubny\/author\/towesele\"}]}<\/script>\n<!-- \/ Yoast SEO Premium plugin. -->","yoast_head_json":{"title":"Ka\u017cda pora roku jest dobra na to, by wzi\u0105\u0107 \u015blub! - Blog \u015blubny - Porady i Moda \u015alubna","description":"Ka\u017cda pora roku jest dobra na to, by wzi\u0105\u0107 \u015blub! W naszym kraju zdecydowana wi\u0119kszo\u015b\u0107 par zakochanych decyduje si\u0119 na powiedzenie sobie \u201eTak\u201d","robots":{"index":"index","follow":"follow","max-snippet":"max-snippet:-1","max-image-preview":"max-image-preview:large","max-video-preview":"max-video-preview:-1"},"canonical":"https:\/\/www.towesele.pl\/blog-slubny\/kazda-pora-roku-dobra-by-wziac-slub-1027.html","og_locale":"pl_PL","og_type":"article","og_title":"Ka\u017cda pora roku jest dobra na to, by wzi\u0105\u0107 \u015blub!","og_description":"Ka\u017cda pora roku jest dobra na to, by wzi\u0105\u0107 \u015blub! W naszym kraju zdecydowana wi\u0119kszo\u015b\u0107 par zakochanych decyduje si\u0119 na powiedzenie sobie \u201eTak\u201d","og_url":"https:\/\/www.towesele.pl\/blog-slubny\/kazda-pora-roku-dobra-by-wziac-slub-1027.html","og_site_name":"Blog \u015blubny - Porady i Moda \u015alubna","article_publisher":"https:\/\/www.facebook.com\/towesele","article_author":"https:\/\/www.facebook.com\/towesele","article_published_time":"2017-12-27T05:05:11+00:00","og_image":[{"width":960,"height":640,"url":"https:\/\/www.towesele.pl\/blog-slubny\/wp-content\/uploads\/2017\/12\/wziac-slub.jpg","type":"image\/jpeg"}],"author":"Towesele.pl","twitter_card":"summary_large_image","twitter_creator":"@http:\/\/twitter.com\/towesele","twitter_site":"@towesele","twitter_misc":{"Napisane przez":"Towesele.pl","Szacowany czas czytania":"3 minuty"},"schema":{"@context":"https:\/\/schema.org","@graph":[{"@type":"Article","@id":"https:\/\/www.towesele.pl\/blog-slubny\/kazda-pora-roku-dobra-by-wziac-slub-1027.html#article","isPartOf":{"@id":"https:\/\/www.towesele.pl\/blog-slubny\/kazda-pora-roku-dobra-by-wziac-slub-1027.html"},"author":{"name":"Towesele.pl","@id":"https:\/\/www.towesele.pl\/blog-slubny\/#\/schema\/person\/c44117595473d44c8d43ab81dc269f8e"},"headline":"Ka\u017cda pora roku jest dobra na to, by wzi\u0105\u0107 \u015blub!","datePublished":"2017-12-27T05:05:11+00:00","mainEntityOfPage":{"@id":"https:\/\/www.towesele.pl\/blog-slubny\/kazda-pora-roku-dobra-by-wziac-slub-1027.html"},"wordCount":573,"commentCount":2,"publisher":{"@id":"https:\/\/www.towesele.pl\/blog-slubny\/#organization"},"image":{"@id":"https:\/\/www.towesele.pl\/blog-slubny\/kazda-pora-roku-dobra-by-wziac-slub-1027.html#primaryimage"},"thumbnailUrl":"https:\/\/www.towesele.pl\/blog-slubny\/wp-content\/uploads\/2017\/12\/wziac-slub.jpg","keywords":["Ceremonia i przyj\u0119cie jesienn\u0105 por\u0105","jesieni\u0105 \u015blub","jesienne wesele","Letni \u015blub","Letnie wesele","\u015alub jesieni\u0105","\u015blub latem","\u015blub na jesie\u0144","\u015alub na wiosn\u0119","\u015blub w lato","\u015blub wiosn\u0105","wesele na wiosn\u0119","wesele wiosn\u0105","wzi\u0105\u0107 \u015blub","Zimowe wesele","Zimowy dzie\u0144 \u015blubu i wesela","Zimowy dzie\u0144 wesela","Zimowy \u015blub","Zimowy \u015blub i wesele"],"articleSection":["Ceremonia \u015blubna","Organizacja \u015blubu","\u015alub i wesele"],"inLanguage":"pl-PL","potentialAction":[{"@type":"CommentAction","name":"Comment","target":["https:\/\/www.towesele.pl\/blog-slubny\/kazda-pora-roku-dobra-by-wziac-slub-1027.html#respond"]}]},{"@type":"WebPage","@id":"https:\/\/www.towesele.pl\/blog-slubny\/kazda-pora-roku-dobra-by-wziac-slub-1027.html","url":"https:\/\/www.towesele.pl\/blog-slubny\/kazda-pora-roku-dobra-by-wziac-slub-1027.html","name":"Ka\u017cda pora roku jest dobra na to, by wzi\u0105\u0107 \u015blub! - Blog \u015blubny - Porady i Moda \u015alubna","isPartOf":{"@id":"https:\/\/www.towesele.pl\/blog-slubny\/#website"},"primaryImageOfPage":{"@id":"https:\/\/www.towesele.pl\/blog-slubny\/kazda-pora-roku-dobra-by-wziac-slub-1027.html#primaryimage"},"image":{"@id":"https:\/\/www.towesele.pl\/blog-slubny\/kazda-pora-roku-dobra-by-wziac-slub-1027.html#primaryimage"},"thumbnailUrl":"https:\/\/www.towesele.pl\/blog-slubny\/wp-content\/uploads\/2017\/12\/wziac-slub.jpg","datePublished":"2017-12-27T05:05:11+00:00","description":"Ka\u017cda pora roku jest dobra na to, by wzi\u0105\u0107 \u015blub! W naszym kraju zdecydowana wi\u0119kszo\u015b\u0107 par zakochanych decyduje si\u0119 na powiedzenie sobie \u201eTak\u201d","breadcrumb":{"@id":"https:\/\/www.towesele.pl\/blog-slubny\/kazda-pora-roku-dobra-by-wziac-slub-1027.html#breadcrumb"},"inLanguage":"pl-PL","potentialAction":[{"@type":"ReadAction","target":["https:\/\/www.towesele.pl\/blog-slubny\/kazda-pora-roku-dobra-by-wziac-slub-1027.html"]}]},{"@type":"ImageObject","inLanguage":"pl-PL","@id":"https:\/\/www.towesele.pl\/blog-slubny\/kazda-pora-roku-dobra-by-wziac-slub-1027.html#primaryimage","url":"https:\/\/www.towesele.pl\/blog-slubny\/wp-content\/uploads\/2017\/12\/wziac-slub.jpg","contentUrl":"https:\/\/www.towesele.pl\/blog-slubny\/wp-content\/uploads\/2017\/12\/wziac-slub.jpg","width":960,"height":640,"caption":"wzi\u0105\u0107 \u015blub"},{"@type":"BreadcrumbList","@id":"https:\/\/www.towesele.pl\/blog-slubny\/kazda-pora-roku-dobra-by-wziac-slub-1027.html#breadcrumb","itemListElement":[{"@type":"ListItem","position":1,"name":"Strona g\u0142\u00f3wna","item":"https:\/\/www.towesele.pl\/blog-slubny\/"},{"@type":"ListItem","position":2,"name":"Ka\u017cda pora roku jest dobra na to, by wzi\u0105\u0107 \u015blub!"}]},{"@type":"WebSite","@id":"https:\/\/www.towesele.pl\/blog-slubny\/#website","url":"https:\/\/www.towesele.pl\/blog-slubny\/","name":"Blog \u015blubny - Porady i Moda \u015alubna","description":"Blog \u015blubny - tu znajdziesz przydatne porady i artyku\u0142y do \u015blubu. Twoja przygoda z realizacj\u0105 \u015blubu i wesela rozpoczyna si\u0119 na towesele.pl","publisher":{"@id":"https:\/\/www.towesele.pl\/blog-slubny\/#organization"},"potentialAction":[{"@type":"SearchAction","target":{"@type":"EntryPoint","urlTemplate":"https:\/\/www.towesele.pl\/blog-slubny\/?s={search_term_string}"},"query-input":{"@type":"PropertyValueSpecification","valueRequired":true,"valueName":"search_term_string"}}],"inLanguage":"pl-PL"},{"@type":"Organization","@id":"https:\/\/www.towesele.pl\/blog-slubny\/#organization","name":"Blog \u015blubny - Porady i Moda \u015alubna","url":"https:\/\/www.towesele.pl\/blog-slubny\/","logo":{"@type":"ImageObject","inLanguage":"pl-PL","@id":"https:\/\/www.towesele.pl\/blog-slubny\/#\/schema\/logo\/image\/","url":"https:\/\/www.towesele.pl\/blog-slubny\/wp-content\/uploads\/2017\/10\/logo.png","contentUrl":"https:\/\/www.towesele.pl\/blog-slubny\/wp-content\/uploads\/2017\/10\/logo.png","width":393,"height":98,"caption":"Blog \u015blubny - Porady i Moda \u015alubna"},"image":{"@id":"https:\/\/www.towesele.pl\/blog-slubny\/#\/schema\/logo\/image\/"},"sameAs":["https:\/\/www.facebook.com\/towesele","https:\/\/x.com\/towesele","https:\/\/www.instagram.com\/towesele\/","https:\/\/pl.pinterest.com\/toweselepl\/"]},{"@type":"Person","@id":"https:\/\/www.towesele.pl\/blog-slubny\/#\/schema\/person\/c44117595473d44c8d43ab81dc269f8e","name":"Towesele.pl","image":{"@type":"ImageObject","inLanguage":"pl-PL","@id":"https:\/\/www.towesele.pl\/blog-slubny\/#\/schema\/person\/image\/","url":"https:\/\/secure.gravatar.com\/avatar\/3453e165ec1bd7f3514b72e942e9a4ef?s=96&r=g","contentUrl":"https:\/\/secure.gravatar.com\/avatar\/3453e165ec1bd7f3514b72e942e9a4ef?s=96&r=g","caption":"Towesele.pl"},"description":"b\u0105d\u017amy blisko","sameAs":["http:\/\/www.towesele.pl\/","https:\/\/www.facebook.com\/towesele","https:\/\/x.com\/http:\/\/twitter.com\/towesele"],"url":"https:\/\/www.towesele.pl\/blog-slubny\/author\/towesele"}]}},"_links":{"self":[{"href":"https:\/\/www.towesele.pl\/blog-slubny\/wp-json\/wp\/v2\/posts\/1027","targetHints":{"allow":["GET"]}}],"collection":[{"href":"https:\/\/www.towesele.pl\/blog-slubny\/wp-json\/wp\/v2\/posts"}],"about":[{"href":"https:\/\/www.towesele.pl\/blog-slubny\/wp-json\/wp\/v2\/types\/post"}],"author":[{"embeddable":true,"href":"https:\/\/www.towesele.pl\/blog-slubny\/wp-json\/wp\/v2\/users\/1"}],"replies":[{"embeddable":true,"href":"https:\/\/www.towesele.pl\/blog-slubny\/wp-json\/wp\/v2\/comments?post=1027"}],"version-history":[{"count":0,"href":"https:\/\/www.towesele.pl\/blog-slubny\/wp-json\/wp\/v2\/posts\/1027\/revisions"}],"wp:featuredmedia":[{"embeddable":true,"href":"https:\/\/www.towesele.pl\/blog-slubny\/wp-json\/wp\/v2\/media\/1057"}],"wp:attachment":[{"href":"https:\/\/www.towesele.pl\/blog-slubny\/wp-json\/wp\/v2\/media?parent=1027"}],"wp:term":[{"taxonomy":"category","embeddable":true,"href":"https:\/\/www.towesele.pl\/blog-slubny\/wp-json\/wp\/v2\/categories?post=1027"},{"taxonomy":"post_tag","embeddable":true,"href":"https:\/\/www.towesele.pl\/blog-slubny\/wp-json\/wp\/v2\/tags?post=1027"}],"curies":[{"name":"wp","href":"https:\/\/api.w.org\/{rel}","templated":true}]}}