{"id":1025,"date":"2017-12-22T06:04:24","date_gmt":"2017-12-22T05:04:24","guid":{"rendered":"https:\/\/www.towesele.pl\/blog-slubny\/?p=1025"},"modified":"2017-12-16T15:19:18","modified_gmt":"2017-12-16T14:19:18","slug":"slub-wyjatkowy-dzien-roku-warto-o-tym-pomyslec","status":"publish","type":"post","link":"https:\/\/www.towesele.pl\/blog-slubny\/slub-wyjatkowy-dzien-roku-warto-o-tym-pomyslec-1025.html","title":{"rendered":"\u015alub w wyj\u0105tkowy dzie\u0144 w roku \u2013 warto o tym pomy\u015ble\u0107!"},"content":{"rendered":"<p>Dla ka\u017cdej pary zakochanych w sobie os\u00f3b dzie\u0144 \u015blubu to data absolutnie najwa\u017cniejsza, zapami\u0119tana na zawsze, wyj\u0105tkowa. Nie da si\u0119 jednak ukry\u0107, \u017ce mo\u017cna tak\u017ce zaplanowa\u0107 powiedzenie sobie sakramentalnego \u201etak\u201d na szczeg\u00f3lnie od\u015bwi\u0119tny moment w roku. Jedni s\u0105 tak\u0105 perspektyw\u0105 szczerze zachwyceni, inni za\u015b wol\u0105 wybra\u0107 dat\u0119 nale\u017c\u0105c\u0105 do tych bardziej zwyczajnych. Sprawd\u017amy jednak, w jakich wyj\u0105tkowych momentach w ci\u0105gu roku mo\u017cna p\u00f3j\u015b\u0107 do o\u0142tarza!<\/p>\n<h2><b>Bo\u017ce Narodzenia \u2013 \u015bnieg, choinki i ciep\u0142o rodzinne<\/b><\/h2>\n<p>Niekt\u00f3re pary decyduj\u0105 si\u0119 na to, aby ich \u015blub i przyj\u0119cie weselne odby\u0142y si\u0119 w Bo\u017ce Narodzenie, czyli dwudziestego pi\u0105tego grudnia. Z pewno\u015bci\u0105 jest wiele plus\u00f3w takiego rozwi\u0105zania, warto pomy\u015ble\u0107 bowiem chocia\u017cby o tym, \u017ce jest to \u015bwi\u0119to rodzinne, a na przyj\u0119cie weselne zje\u017cd\u017ca si\u0119 zwykle ca\u0142a familia Ponadto je\u015bli zakochani maj\u0105 szcz\u0119\u015bcie, mog\u0105 liczy\u0107 na \u015bwiat przystrojony pi\u0119knym \u015bniegiem. Sporo dekoracji jest ju\u017c zapewnionych \u2013 choinki w ko\u015bciele, pi\u0119kne dekoracje, \u015bwiate\u0142ka i \u015bwiece na weselnej sali.<\/p>\n<p>Nie mo\u017cna jednak zapomina\u0107 tak\u017ce o minusach \u015blubu w Bo\u017ce Narodzenie. mo\u017ce si\u0119 bowiem okaza\u0107, \u017ce sytuacja na drogach nie b\u0119dzie nale\u017ca\u0142a do weso\u0142ych. Zima to r\u00f3wnie\u017c czas epidemii grypy \u2013 cze\u015b\u0107 go\u015bci mo\u017ce si\u0119 w tym czasie boryka\u0107 z kaszlem i katarem. Nie mo\u017cna wykluczy\u0107 tak\u017ce, \u017ce b\u0119dzie zimno, szaro i ponuro.<\/p>\n<p>Pomy\u015blcie o \u015bwi\u0105tecznych (na przyk\u0142ad czerwonych lub zielonych) akcentach w Waszych stylizacjach, \u017ceby podkre\u015bli\u0107 wyj\u0105tkowy charakter przyj\u0119cia weselnego w Bo\u017ce Narodzenie. Trzeba przyzna\u0107, \u017ce gwiazdkowy \u015blub to mo\u017ce by\u0107 co\u015b pi\u0119knego!<\/p>\n<p>[smart-grid row_height=&#8221;350&#8243; mobile_row_height=&#8221;250&#8243;]<\/p>\n<div id='gallery-1' class='gallery galleryid-1025 gallery-columns-3 gallery-size-thumbnail'><figure class='gallery-item'>\n\t\t\t<div class='gallery-icon portrait'>\n\t\t\t\t<a href='https:\/\/www.towesele.pl\/blog-slubny\/slub-wyjatkowy-dzien-roku-warto-o-tym-pomyslec-1025.html\/slub-w-boze-narodzenie-1'><img loading=\"lazy\" decoding=\"async\" width=\"150\" height=\"150\" src=\"https:\/\/www.towesele.pl\/blog-slubny\/wp-content\/uploads\/2017\/12\/slub-w-boze-narodzenie-1-150x150.jpg\" class=\"attachment-thumbnail size-thumbnail\" alt=\"\u015blub w Bo\u017ce Narodzenie\" \/><\/a>\n\t\t\t<\/div><\/figure><figure class='gallery-item'>\n\t\t\t<div class='gallery-icon landscape'>\n\t\t\t\t<a href='https:\/\/www.towesele.pl\/blog-slubny\/slub-wyjatkowy-dzien-roku-warto-o-tym-pomyslec-1025.html\/slub-w-boze-narodzenie-2'><img loading=\"lazy\" decoding=\"async\" width=\"150\" height=\"150\" src=\"https:\/\/www.towesele.pl\/blog-slubny\/wp-content\/uploads\/2017\/12\/slub-w-boze-narodzenie-2-150x150.jpg\" class=\"attachment-thumbnail size-thumbnail\" alt=\"\u015blub w Bo\u017ce Narodzenie\" srcset=\"https:\/\/www.towesele.pl\/blog-slubny\/wp-content\/uploads\/2017\/12\/slub-w-boze-narodzenie-2-150x150.jpg 150w, https:\/\/www.towesele.pl\/blog-slubny\/wp-content\/uploads\/2017\/12\/slub-w-boze-narodzenie-2-300x300.jpg 300w, https:\/\/www.towesele.pl\/blog-slubny\/wp-content\/uploads\/2017\/12\/slub-w-boze-narodzenie-2.jpg 564w\" sizes=\"auto, (max-width: 150px) 100vw, 150px\" \/><\/a>\n\t\t\t<\/div><\/figure><figure class='gallery-item'>\n\t\t\t<div class='gallery-icon landscape'>\n\t\t\t\t<a href='https:\/\/www.towesele.pl\/blog-slubny\/slub-wyjatkowy-dzien-roku-warto-o-tym-pomyslec-1025.html\/slub-w-boze-narodzenie-3'><img loading=\"lazy\" decoding=\"async\" width=\"150\" height=\"150\" src=\"https:\/\/www.towesele.pl\/blog-slubny\/wp-content\/uploads\/2017\/12\/slub-w-boze-narodzenie-3-150x150.jpg\" class=\"attachment-thumbnail size-thumbnail\" alt=\"\u015blub w Bo\u017ce Narodzenie\" \/><\/a>\n\t\t\t<\/div><\/figure><figure class='gallery-item'>\n\t\t\t<div class='gallery-icon portrait'>\n\t\t\t\t<a href='https:\/\/www.towesele.pl\/blog-slubny\/slub-wyjatkowy-dzien-roku-warto-o-tym-pomyslec-1025.html\/slub-w-boze-narodzenie-4'><img loading=\"lazy\" decoding=\"async\" width=\"150\" height=\"150\" src=\"https:\/\/www.towesele.pl\/blog-slubny\/wp-content\/uploads\/2017\/12\/slub-w-boze-narodzenie-4-150x150.jpg\" class=\"attachment-thumbnail size-thumbnail\" alt=\"\u015blub w Bo\u017ce Narodzenie\" srcset=\"https:\/\/www.towesele.pl\/blog-slubny\/wp-content\/uploads\/2017\/12\/slub-w-boze-narodzenie-4-150x150.jpg 150w, https:\/\/www.towesele.pl\/blog-slubny\/wp-content\/uploads\/2017\/12\/slub-w-boze-narodzenie-4-460x460.jpg 460w\" sizes=\"auto, (max-width: 150px) 100vw, 150px\" \/><\/a>\n\t\t\t<\/div><\/figure><figure class='gallery-item'>\n\t\t\t<div class='gallery-icon portrait'>\n\t\t\t\t<a href='https:\/\/www.towesele.pl\/blog-slubny\/slub-wyjatkowy-dzien-roku-warto-o-tym-pomyslec-1025.html\/slub-w-boze-narodzenie-5'><img loading=\"lazy\" decoding=\"async\" width=\"150\" height=\"150\" src=\"https:\/\/www.towesele.pl\/blog-slubny\/wp-content\/uploads\/2017\/12\/slub-w-boze-narodzenie-5-150x150.jpg\" class=\"attachment-thumbnail size-thumbnail\" alt=\"\u015blub w Bo\u017ce Narodzenie\" \/><\/a>\n\t\t\t<\/div><\/figure><figure class='gallery-item'>\n\t\t\t<div class='gallery-icon portrait'>\n\t\t\t\t<a href='https:\/\/www.towesele.pl\/blog-slubny\/slub-wyjatkowy-dzien-roku-warto-o-tym-pomyslec-1025.html\/slub-w-boze-narodzenie-6'><img loading=\"lazy\" decoding=\"async\" width=\"150\" height=\"150\" src=\"https:\/\/www.towesele.pl\/blog-slubny\/wp-content\/uploads\/2017\/12\/slub-w-boze-narodzenie-6-150x150.jpg\" class=\"attachment-thumbnail size-thumbnail\" alt=\"\u015blub w Bo\u017ce Narodzenie\" \/><\/a>\n\t\t\t<\/div><\/figure>\n\t\t<\/div>\n\n<p>[\/smart-grid]<\/p>\n<h2><b>Sylwester- szampan, fajerwerki i M\u0142oda Para<\/b><\/h2>\n<p>Niekt\u00f3re z zakochanych par stawiaj\u0105 na \u015blub w ostatni dzie\u0144 roku. Sylwester to wszak moment wyj\u0105tkowy, kojarz\u0105cy si\u0119 z weso\u0142a zabawa, piciem szampana, \u017cyczeniami oraz fajerwerkami. To dobry czas na to, by powiedzie\u0107 sobie \u201etak\u201d i \u015bwi\u0119towa\u0107 \u00f3w radosny fakt w gronie rodziny, przyjaci\u00f3\u0142 oraz znajomych. Pami\u0119tajcie o tym, \u017ce lampka szampana o p\u00f3\u0142nocy na pewno b\u0119dzie smakowa\u0142a wyj\u0105tkowo, macie tak\u017ce darmowy pokaz fajerwerk\u00f3w!<\/p>\n<p>Trzeba jednak przypomnie\u0107 jednocze\u015bnie, i\u017c zim\u0105 kwiaty du\u017co kosztuj\u0105, na drogach bywa nieciekawie. Liczy\u0107 si\u0119 nale\u017cy tak\u017ce z tym, \u017ce w ostatni dzie\u0144 roku na pewno sporo zap\u0142aci si\u0119 za wynajem sali weselnej oraz zesp\u00f3\u0142 muzyczny (w ten wyj\u0105tkowy dzie\u0144 i tak odbywa\u0142oby si\u0119 przyj\u0119cie sylwestrowe). Warto typowo sylwestrowe elementy doda\u0107 do stylizacji Pary M\u0142odej, na przyk\u0142ad b\u0142yszcz\u0105ce brokatowe buty dla Bohaterki Dnia to w tym przypadku strza\u0142 w dziesi\u0105tk\u0119. Na pewno zabawa b\u0119dzie i\u015bcie szampa\u0144ska!<\/p>\n<p>[smart-grid row_height=&#8221;350&#8243; mobile_row_height=&#8221;250&#8243;]<\/p>\n<div id='gallery-2' class='gallery galleryid-1025 gallery-columns-3 gallery-size-thumbnail'><figure class='gallery-item'>\n\t\t\t<div class='gallery-icon landscape'>\n\t\t\t\t<a href='https:\/\/www.towesele.pl\/blog-slubny\/slub-wyjatkowy-dzien-roku-warto-o-tym-pomyslec-1025.html\/slub-w-sylwestra-1'><img loading=\"lazy\" decoding=\"async\" width=\"150\" height=\"150\" src=\"https:\/\/www.towesele.pl\/blog-slubny\/wp-content\/uploads\/2017\/12\/slub-w-sylwestra-1-150x150.jpg\" class=\"attachment-thumbnail size-thumbnail\" alt=\"\u015blub w sylwestra\" \/><\/a>\n\t\t\t<\/div><\/figure><figure class='gallery-item'>\n\t\t\t<div class='gallery-icon portrait'>\n\t\t\t\t<a href='https:\/\/www.towesele.pl\/blog-slubny\/slub-wyjatkowy-dzien-roku-warto-o-tym-pomyslec-1025.html\/slub-w-sylwestra-2'><img loading=\"lazy\" decoding=\"async\" width=\"150\" height=\"150\" src=\"https:\/\/www.towesele.pl\/blog-slubny\/wp-content\/uploads\/2017\/12\/slub-w-sylwestra-2-150x150.jpg\" class=\"attachment-thumbnail size-thumbnail\" alt=\"\u015blub w sylwestra\" \/><\/a>\n\t\t\t<\/div><\/figure><figure class='gallery-item'>\n\t\t\t<div class='gallery-icon portrait'>\n\t\t\t\t<a href='https:\/\/www.towesele.pl\/blog-slubny\/slub-wyjatkowy-dzien-roku-warto-o-tym-pomyslec-1025.html\/slub-w-sylwestra-3'><img loading=\"lazy\" decoding=\"async\" width=\"150\" height=\"150\" src=\"https:\/\/www.towesele.pl\/blog-slubny\/wp-content\/uploads\/2017\/12\/slub-w-sylwestra-3-150x150.jpg\" class=\"attachment-thumbnail size-thumbnail\" alt=\"\u015blub w sylwestra\" \/><\/a>\n\t\t\t<\/div><\/figure><figure class='gallery-item'>\n\t\t\t<div class='gallery-icon portrait'>\n\t\t\t\t<a href='https:\/\/www.towesele.pl\/blog-slubny\/slub-wyjatkowy-dzien-roku-warto-o-tym-pomyslec-1025.html\/slub-w-sylwestra-4'><img loading=\"lazy\" decoding=\"async\" width=\"150\" height=\"150\" src=\"https:\/\/www.towesele.pl\/blog-slubny\/wp-content\/uploads\/2017\/12\/slub-w-sylwestra-4-150x150.jpg\" class=\"attachment-thumbnail size-thumbnail\" alt=\"\u015blub w sylwestra\" \/><\/a>\n\t\t\t<\/div><\/figure><figure class='gallery-item'>\n\t\t\t<div class='gallery-icon portrait'>\n\t\t\t\t<a href='https:\/\/www.towesele.pl\/blog-slubny\/slub-wyjatkowy-dzien-roku-warto-o-tym-pomyslec-1025.html\/slub-w-sylwestra-5'><img loading=\"lazy\" decoding=\"async\" width=\"150\" height=\"150\" src=\"https:\/\/www.towesele.pl\/blog-slubny\/wp-content\/uploads\/2017\/12\/slub-w-sylwestra-5-150x150.jpg\" class=\"attachment-thumbnail size-thumbnail\" alt=\"\u015blub w sylwestra\" \/><\/a>\n\t\t\t<\/div><\/figure><figure class='gallery-item'>\n\t\t\t<div class='gallery-icon landscape'>\n\t\t\t\t<a href='https:\/\/www.towesele.pl\/blog-slubny\/slub-wyjatkowy-dzien-roku-warto-o-tym-pomyslec-1025.html\/slub-w-sylwestra-6'><img loading=\"lazy\" decoding=\"async\" width=\"150\" height=\"150\" src=\"https:\/\/www.towesele.pl\/blog-slubny\/wp-content\/uploads\/2017\/12\/slub-w-sylwestra-6-150x150.jpg\" class=\"attachment-thumbnail size-thumbnail\" alt=\"\u015blub w sylwestra\" \/><\/a>\n\t\t\t<\/div><\/figure>\n\t\t<\/div>\n\n<p>[\/smart-grid]<\/p>\n<h2><b>Wielkanoc \u2013 zaj\u0105czki, jajka i zakochani<\/b><\/h2>\n<p>Wiosna to absolutnie wyj\u0105tkowy czas w roku. Ca\u0142y \u015bwiat budzi si\u0119 bowiem wtedy do \u017cycia po czasie zimowego snu, dooko\u0142a kwitn\u0105 drzewa i kwiaty, pojawiaj\u0105 si\u0119 zielone trawy \u2013 jest po prostu pi\u0119knie! To bardzo dobry moment na to, by rozpocz\u0105\u0107 nowe, wsp\u00f3lne \u017cycie. Niech nie zabraknie kwiat\u00f3w, kolor\u00f3w, rado\u015bci \u2013 wszak to Wasz dzie\u0144 i na pewno b\u0119dzie wyj\u0105tkowy!<\/p>\n<p>Je\u017celi za\u015b chodzi o minusy takiego rozwi\u0105zania, to w przypadku Wielkanocy wypadaj\u0105cej jeszcze w marcu pogoda mo\u017ce by\u0107 bardzo r\u00f3\u017cna, ponadto za\u015b musicie odpowiednio wcze\u015bniej poinformowa\u0107 Waszych go\u015bci o terminie \u015blubu i wesela, by na ten czas nie zaplanowali innego wyjazdu.<\/p>\n<p>Panna M\u0142oda niech dzier\u017cy w d\u0142oni \u015bliczny bukiet z krokus\u00f3w albo tulipan\u00f3w, na pewno b\u0119dzie prezentowa\u0142a si\u0119 zjawiskowo! Wiosenne wesele to jest to!<\/p>\n<p>[smart-grid row_height=&#8221;350&#8243; mobile_row_height=&#8221;250&#8243;]<\/p>\n<div id='gallery-3' class='gallery galleryid-1025 gallery-columns-3 gallery-size-thumbnail'><figure class='gallery-item'>\n\t\t\t<div class='gallery-icon landscape'>\n\t\t\t\t<a href='https:\/\/www.towesele.pl\/blog-slubny\/slub-wyjatkowy-dzien-roku-warto-o-tym-pomyslec-1025.html\/slub-w-wielkanoc-1'><img loading=\"lazy\" decoding=\"async\" width=\"150\" height=\"150\" src=\"https:\/\/www.towesele.pl\/blog-slubny\/wp-content\/uploads\/2017\/12\/slub-w-wielkanoc-1-150x150.jpg\" class=\"attachment-thumbnail size-thumbnail\" alt=\"\u015blub w Wielkanoc\" \/><\/a>\n\t\t\t<\/div><\/figure><figure class='gallery-item'>\n\t\t\t<div class='gallery-icon portrait'>\n\t\t\t\t<a href='https:\/\/www.towesele.pl\/blog-slubny\/slub-wyjatkowy-dzien-roku-warto-o-tym-pomyslec-1025.html\/slub-w-wielkanoc-2'><img loading=\"lazy\" decoding=\"async\" width=\"150\" height=\"150\" src=\"https:\/\/www.towesele.pl\/blog-slubny\/wp-content\/uploads\/2017\/12\/slub-w-wielkanoc-2-150x150.jpg\" class=\"attachment-thumbnail size-thumbnail\" alt=\"\u015blub w Wielkanoc\" \/><\/a>\n\t\t\t<\/div><\/figure><figure class='gallery-item'>\n\t\t\t<div class='gallery-icon portrait'>\n\t\t\t\t<a href='https:\/\/www.towesele.pl\/blog-slubny\/slub-wyjatkowy-dzien-roku-warto-o-tym-pomyslec-1025.html\/slub-w-wielkanoc-3'><img loading=\"lazy\" decoding=\"async\" width=\"150\" height=\"150\" src=\"https:\/\/www.towesele.pl\/blog-slubny\/wp-content\/uploads\/2017\/12\/slub-w-wielkanoc-3-150x150.jpg\" class=\"attachment-thumbnail size-thumbnail\" alt=\"\u015blub w Wielkanoc\" \/><\/a>\n\t\t\t<\/div><\/figure><figure class='gallery-item'>\n\t\t\t<div class='gallery-icon portrait'>\n\t\t\t\t<a href='https:\/\/www.towesele.pl\/blog-slubny\/slub-wyjatkowy-dzien-roku-warto-o-tym-pomyslec-1025.html\/slub-w-wielkanoc-5'><img loading=\"lazy\" decoding=\"async\" width=\"150\" height=\"150\" src=\"https:\/\/www.towesele.pl\/blog-slubny\/wp-content\/uploads\/2017\/12\/slub-w-wielkanoc-5-150x150.jpg\" class=\"attachment-thumbnail size-thumbnail\" alt=\"\u015blub w Wielkanoc\" \/><\/a>\n\t\t\t<\/div><\/figure><figure class='gallery-item'>\n\t\t\t<div class='gallery-icon portrait'>\n\t\t\t\t<a href='https:\/\/www.towesele.pl\/blog-slubny\/slub-wyjatkowy-dzien-roku-warto-o-tym-pomyslec-1025.html\/slub-w-wielkanoc-6'><img loading=\"lazy\" decoding=\"async\" width=\"150\" height=\"150\" src=\"https:\/\/www.towesele.pl\/blog-slubny\/wp-content\/uploads\/2017\/12\/slub-w-wielkanoc-6-150x150.jpg\" class=\"attachment-thumbnail size-thumbnail\" alt=\"\u015blub w Wielkanoc\" \/><\/a>\n\t\t\t<\/div><\/figure><figure class='gallery-item'>\n\t\t\t<div class='gallery-icon portrait'>\n\t\t\t\t<a href='https:\/\/www.towesele.pl\/blog-slubny\/slub-wyjatkowy-dzien-roku-warto-o-tym-pomyslec-1025.html\/slub-w-wielkanoc-7'><img loading=\"lazy\" decoding=\"async\" width=\"150\" height=\"150\" src=\"https:\/\/www.towesele.pl\/blog-slubny\/wp-content\/uploads\/2017\/12\/slub-w-wielkanoc-7-150x150.jpg\" class=\"attachment-thumbnail size-thumbnail\" alt=\"\u015blub w Wielkanoc\" \/><\/a>\n\t\t\t<\/div><\/figure>\n\t\t<\/div>\n\n<p>[\/smart-grid]<\/p>\n<p>&nbsp;<\/p>\n<p><em>Zdj\u0119cia: <a href=\"https:\/\/pl.pinterest.com\" rel=\"nofollow\">Pinterest.com<\/a><\/em><\/p>\n<p><em>Zdj\u0119cia: <a href=\"https:\/\/pixabay.com\" rel=\"nofollow\">Pixabay.com<\/a><\/em><\/p>\n<p>&nbsp;<\/p>\n","protected":false},"excerpt":{"rendered":"<p>Dla ka\u017cdej pary zakochanych w sobie os\u00f3b dzie\u0144 \u015blubu to data absolutnie najwa\u017cniejsza, zapami\u0119tana na zawsze, wyj\u0105tkowa. Nie da si\u0119 jednak ukry\u0107, \u017ce mo\u017cna tak\u017ce zaplanowa\u0107 powiedzenie sobie sakramentalnego \u201etak\u201d na szczeg\u00f3lnie od\u015bwi\u0119tny moment w roku. Jedni s\u0105 tak\u0105 perspektyw\u0105 szczerze zachwyceni, inni za\u015b wol\u0105 wybra\u0107 dat\u0119 nale\u017c\u0105c\u0105 do tych bardziej zwyczajnych. Sprawd\u017amy jednak, w [&hellip;]<\/p>\n","protected":false},"author":1,"featured_media":1049,"comment_status":"open","ping_status":"open","sticky":false,"template":"","format":"gallery","meta":{"footnotes":""},"categories":[118,119,102],"tags":[174,167,172,171,173,170,179,169,177,176,178,175],"class_list":["post-1025","post","type-post","status-publish","format-gallery","has-post-thumbnail","hentry","category-ceremonia-slubna","category-przyjecie-weselne","category-slub-i-wesele","tag-slub-na-wielkanoc","tag-slub-w-boze-narodzenie","tag-slub-w-nowy-rok","tag-slub-w-sylwestra","tag-slub-w-wielkanoc","tag-slub-w-wyjatkowy-dzien-w-roku","tag-wesele-na-wielkanoc","tag-wesele-w-boze-narodzenie","tag-wesele-w-nowy-rok","tag-wesele-w-sylwestra","tag-wesele-w-wielkanoc","tag-wesele-w-wyjatkowy-dzien-w-roku","post_format-post-format-gallery"],"yoast_head":"<!-- This site is optimized with the Yoast SEO Premium plugin v20.0 (Yoast SEO v24.7) - https:\/\/yoast.com\/wordpress\/plugins\/seo\/ -->\n<title>\u015alub w wyj\u0105tkowy dzie\u0144 w roku \u2013 warto o tym pomy\u015ble\u0107! - Blog \u015blubny - Porady i Moda \u015alubna<\/title>\n<meta name=\"description\" content=\"\u015alub w wyj\u0105tkowy dzie\u0144 w roku \u2013 warto o tym pomy\u015ble\u0107 czy wybra\u0107 \u015blub i wesele w Bo\u017ce Narodzenie, Sylwestra czy mo\u017ce na Wielkanoc?\" \/>\n<meta name=\"robots\" content=\"index, follow, max-snippet:-1, max-image-preview:large, max-video-preview:-1\" \/>\n<link rel=\"canonical\" href=\"https:\/\/www.towesele.pl\/blog-slubny\/slub-wyjatkowy-dzien-roku-warto-o-tym-pomyslec-1025.html\" \/>\n<meta property=\"og:locale\" content=\"pl_PL\" \/>\n<meta property=\"og:type\" content=\"article\" \/>\n<meta property=\"og:title\" content=\"\u015alub w wyj\u0105tkowy dzie\u0144 w roku \u2013 warto o tym pomy\u015ble\u0107!\" \/>\n<meta property=\"og:description\" content=\"\u015alub w wyj\u0105tkowy dzie\u0144 w roku \u2013 warto o tym pomy\u015ble\u0107 czy wybra\u0107 \u015blub i wesele w Bo\u017ce Narodzenie, Sylwestra czy mo\u017ce na Wielkanoc?\" \/>\n<meta property=\"og:url\" content=\"https:\/\/www.towesele.pl\/blog-slubny\/slub-wyjatkowy-dzien-roku-warto-o-tym-pomyslec-1025.html\" \/>\n<meta property=\"og:site_name\" content=\"Blog \u015blubny - Porady i Moda \u015alubna\" \/>\n<meta property=\"article:publisher\" content=\"https:\/\/www.facebook.com\/towesele\" \/>\n<meta property=\"article:author\" content=\"https:\/\/www.facebook.com\/towesele\" \/>\n<meta property=\"article:published_time\" content=\"2017-12-22T05:04:24+00:00\" \/>\n<meta property=\"og:image\" content=\"https:\/\/www.towesele.pl\/blog-slubny\/wp-content\/uploads\/2017\/12\/slub-w-wyjatkowy-dzien.jpg\" \/>\n\t<meta property=\"og:image:width\" content=\"960\" \/>\n\t<meta property=\"og:image:height\" content=\"640\" \/>\n\t<meta property=\"og:image:type\" content=\"image\/jpeg\" \/>\n<meta name=\"author\" content=\"Towesele.pl\" \/>\n<meta name=\"twitter:card\" content=\"summary_large_image\" \/>\n<meta name=\"twitter:creator\" content=\"@http:\/\/twitter.com\/towesele\" \/>\n<meta name=\"twitter:site\" content=\"@towesele\" \/>\n<meta name=\"twitter:label1\" content=\"Napisane przez\" \/>\n\t<meta name=\"twitter:data1\" content=\"Towesele.pl\" \/>\n\t<meta name=\"twitter:label2\" content=\"Szacowany czas czytania\" \/>\n\t<meta name=\"twitter:data2\" content=\"3 minuty\" \/>\n<script type=\"application\/ld+json\" class=\"yoast-schema-graph\">{\"@context\":\"https:\/\/schema.org\",\"@graph\":[{\"@type\":\"Article\",\"@id\":\"https:\/\/www.towesele.pl\/blog-slubny\/slub-wyjatkowy-dzien-roku-warto-o-tym-pomyslec-1025.html#article\",\"isPartOf\":{\"@id\":\"https:\/\/www.towesele.pl\/blog-slubny\/slub-wyjatkowy-dzien-roku-warto-o-tym-pomyslec-1025.html\"},\"author\":{\"name\":\"Towesele.pl\",\"@id\":\"https:\/\/www.towesele.pl\/blog-slubny\/#\/schema\/person\/c44117595473d44c8d43ab81dc269f8e\"},\"headline\":\"\u015alub w wyj\u0105tkowy dzie\u0144 w roku \u2013 warto o tym pomy\u015ble\u0107!\",\"datePublished\":\"2017-12-22T05:04:24+00:00\",\"mainEntityOfPage\":{\"@id\":\"https:\/\/www.towesele.pl\/blog-slubny\/slub-wyjatkowy-dzien-roku-warto-o-tym-pomyslec-1025.html\"},\"wordCount\":670,\"commentCount\":0,\"publisher\":{\"@id\":\"https:\/\/www.towesele.pl\/blog-slubny\/#organization\"},\"image\":{\"@id\":\"https:\/\/www.towesele.pl\/blog-slubny\/slub-wyjatkowy-dzien-roku-warto-o-tym-pomyslec-1025.html#primaryimage\"},\"thumbnailUrl\":\"https:\/\/www.towesele.pl\/blog-slubny\/wp-content\/uploads\/2017\/12\/slub-w-wyjatkowy-dzien.jpg\",\"keywords\":[\"\u015blub na Wielkanoc\",\"\u015blub w Bo\u017ce Narodzenie\",\"\u015blub w Nowy Rok\",\"\u015blub w Sylwestra\",\"\u015blub w Wielkanoc\",\"\u015alub w wyj\u0105tkowy dzie\u0144 w roku\",\"wesele na Wielkanoc\",\"wesele w Bo\u017ce Narodzenie\",\"wesele w Nowy Rok\",\"wesele w Sylwestra\",\"wesele w Wielkanoc\",\"wesele w wyj\u0105tkowy dzie\u0144 w roku\"],\"articleSection\":[\"Ceremonia \u015blubna\",\"Przyj\u0119cie weselne\",\"\u015alub i wesele\"],\"inLanguage\":\"pl-PL\",\"potentialAction\":[{\"@type\":\"CommentAction\",\"name\":\"Comment\",\"target\":[\"https:\/\/www.towesele.pl\/blog-slubny\/slub-wyjatkowy-dzien-roku-warto-o-tym-pomyslec-1025.html#respond\"]}]},{\"@type\":\"WebPage\",\"@id\":\"https:\/\/www.towesele.pl\/blog-slubny\/slub-wyjatkowy-dzien-roku-warto-o-tym-pomyslec-1025.html\",\"url\":\"https:\/\/www.towesele.pl\/blog-slubny\/slub-wyjatkowy-dzien-roku-warto-o-tym-pomyslec-1025.html\",\"name\":\"\u015alub w wyj\u0105tkowy dzie\u0144 w roku \u2013 warto o tym pomy\u015ble\u0107! - Blog \u015blubny - Porady i Moda \u015alubna\",\"isPartOf\":{\"@id\":\"https:\/\/www.towesele.pl\/blog-slubny\/#website\"},\"primaryImageOfPage\":{\"@id\":\"https:\/\/www.towesele.pl\/blog-slubny\/slub-wyjatkowy-dzien-roku-warto-o-tym-pomyslec-1025.html#primaryimage\"},\"image\":{\"@id\":\"https:\/\/www.towesele.pl\/blog-slubny\/slub-wyjatkowy-dzien-roku-warto-o-tym-pomyslec-1025.html#primaryimage\"},\"thumbnailUrl\":\"https:\/\/www.towesele.pl\/blog-slubny\/wp-content\/uploads\/2017\/12\/slub-w-wyjatkowy-dzien.jpg\",\"datePublished\":\"2017-12-22T05:04:24+00:00\",\"description\":\"\u015alub w wyj\u0105tkowy dzie\u0144 w roku \u2013 warto o tym pomy\u015ble\u0107 czy wybra\u0107 \u015blub i wesele w Bo\u017ce Narodzenie, Sylwestra czy mo\u017ce na Wielkanoc?\",\"breadcrumb\":{\"@id\":\"https:\/\/www.towesele.pl\/blog-slubny\/slub-wyjatkowy-dzien-roku-warto-o-tym-pomyslec-1025.html#breadcrumb\"},\"inLanguage\":\"pl-PL\",\"potentialAction\":[{\"@type\":\"ReadAction\",\"target\":[\"https:\/\/www.towesele.pl\/blog-slubny\/slub-wyjatkowy-dzien-roku-warto-o-tym-pomyslec-1025.html\"]}]},{\"@type\":\"ImageObject\",\"inLanguage\":\"pl-PL\",\"@id\":\"https:\/\/www.towesele.pl\/blog-slubny\/slub-wyjatkowy-dzien-roku-warto-o-tym-pomyslec-1025.html#primaryimage\",\"url\":\"https:\/\/www.towesele.pl\/blog-slubny\/wp-content\/uploads\/2017\/12\/slub-w-wyjatkowy-dzien.jpg\",\"contentUrl\":\"https:\/\/www.towesele.pl\/blog-slubny\/wp-content\/uploads\/2017\/12\/slub-w-wyjatkowy-dzien.jpg\",\"width\":960,\"height\":640,\"caption\":\"\u015alub w wyj\u0105tkowy dzie\u0144\"},{\"@type\":\"BreadcrumbList\",\"@id\":\"https:\/\/www.towesele.pl\/blog-slubny\/slub-wyjatkowy-dzien-roku-warto-o-tym-pomyslec-1025.html#breadcrumb\",\"itemListElement\":[{\"@type\":\"ListItem\",\"position\":1,\"name\":\"Strona g\u0142\u00f3wna\",\"item\":\"https:\/\/www.towesele.pl\/blog-slubny\/\"},{\"@type\":\"ListItem\",\"position\":2,\"name\":\"\u015alub w wyj\u0105tkowy dzie\u0144 w roku \u2013 warto o tym pomy\u015ble\u0107!\"}]},{\"@type\":\"WebSite\",\"@id\":\"https:\/\/www.towesele.pl\/blog-slubny\/#website\",\"url\":\"https:\/\/www.towesele.pl\/blog-slubny\/\",\"name\":\"Blog \u015blubny - Porady i Moda \u015alubna\",\"description\":\"Blog \u015blubny - tu znajdziesz przydatne porady i artyku\u0142y do \u015blubu. Twoja przygoda z realizacj\u0105 \u015blubu i wesela rozpoczyna si\u0119 na towesele.pl\",\"publisher\":{\"@id\":\"https:\/\/www.towesele.pl\/blog-slubny\/#organization\"},\"potentialAction\":[{\"@type\":\"SearchAction\",\"target\":{\"@type\":\"EntryPoint\",\"urlTemplate\":\"https:\/\/www.towesele.pl\/blog-slubny\/?s={search_term_string}\"},\"query-input\":{\"@type\":\"PropertyValueSpecification\",\"valueRequired\":true,\"valueName\":\"search_term_string\"}}],\"inLanguage\":\"pl-PL\"},{\"@type\":\"Organization\",\"@id\":\"https:\/\/www.towesele.pl\/blog-slubny\/#organization\",\"name\":\"Blog \u015blubny - Porady i Moda \u015alubna\",\"url\":\"https:\/\/www.towesele.pl\/blog-slubny\/\",\"logo\":{\"@type\":\"ImageObject\",\"inLanguage\":\"pl-PL\",\"@id\":\"https:\/\/www.towesele.pl\/blog-slubny\/#\/schema\/logo\/image\/\",\"url\":\"https:\/\/www.towesele.pl\/blog-slubny\/wp-content\/uploads\/2017\/10\/logo.png\",\"contentUrl\":\"https:\/\/www.towesele.pl\/blog-slubny\/wp-content\/uploads\/2017\/10\/logo.png\",\"width\":393,\"height\":98,\"caption\":\"Blog \u015blubny - Porady i Moda \u015alubna\"},\"image\":{\"@id\":\"https:\/\/www.towesele.pl\/blog-slubny\/#\/schema\/logo\/image\/\"},\"sameAs\":[\"https:\/\/www.facebook.com\/towesele\",\"https:\/\/x.com\/towesele\",\"https:\/\/www.instagram.com\/towesele\/\",\"https:\/\/pl.pinterest.com\/toweselepl\/\"]},{\"@type\":\"Person\",\"@id\":\"https:\/\/www.towesele.pl\/blog-slubny\/#\/schema\/person\/c44117595473d44c8d43ab81dc269f8e\",\"name\":\"Towesele.pl\",\"image\":{\"@type\":\"ImageObject\",\"inLanguage\":\"pl-PL\",\"@id\":\"https:\/\/www.towesele.pl\/blog-slubny\/#\/schema\/person\/image\/\",\"url\":\"https:\/\/secure.gravatar.com\/avatar\/3453e165ec1bd7f3514b72e942e9a4ef?s=96&r=g\",\"contentUrl\":\"https:\/\/secure.gravatar.com\/avatar\/3453e165ec1bd7f3514b72e942e9a4ef?s=96&r=g\",\"caption\":\"Towesele.pl\"},\"description\":\"b\u0105d\u017amy blisko\",\"sameAs\":[\"http:\/\/www.towesele.pl\/\",\"https:\/\/www.facebook.com\/towesele\",\"https:\/\/x.com\/http:\/\/twitter.com\/towesele\"],\"url\":\"https:\/\/www.towesele.pl\/blog-slubny\/author\/towesele\"}]}<\/script>\n<!-- \/ Yoast SEO Premium plugin. -->","yoast_head_json":{"title":"\u015alub w wyj\u0105tkowy dzie\u0144 w roku \u2013 warto o tym pomy\u015ble\u0107! - Blog \u015blubny - Porady i Moda \u015alubna","description":"\u015alub w wyj\u0105tkowy dzie\u0144 w roku \u2013 warto o tym pomy\u015ble\u0107 czy wybra\u0107 \u015blub i wesele w Bo\u017ce Narodzenie, Sylwestra czy mo\u017ce na Wielkanoc?","robots":{"index":"index","follow":"follow","max-snippet":"max-snippet:-1","max-image-preview":"max-image-preview:large","max-video-preview":"max-video-preview:-1"},"canonical":"https:\/\/www.towesele.pl\/blog-slubny\/slub-wyjatkowy-dzien-roku-warto-o-tym-pomyslec-1025.html","og_locale":"pl_PL","og_type":"article","og_title":"\u015alub w wyj\u0105tkowy dzie\u0144 w roku \u2013 warto o tym pomy\u015ble\u0107!","og_description":"\u015alub w wyj\u0105tkowy dzie\u0144 w roku \u2013 warto o tym pomy\u015ble\u0107 czy wybra\u0107 \u015blub i wesele w Bo\u017ce Narodzenie, Sylwestra czy mo\u017ce na Wielkanoc?","og_url":"https:\/\/www.towesele.pl\/blog-slubny\/slub-wyjatkowy-dzien-roku-warto-o-tym-pomyslec-1025.html","og_site_name":"Blog \u015blubny - Porady i Moda \u015alubna","article_publisher":"https:\/\/www.facebook.com\/towesele","article_author":"https:\/\/www.facebook.com\/towesele","article_published_time":"2017-12-22T05:04:24+00:00","og_image":[{"width":960,"height":640,"url":"https:\/\/www.towesele.pl\/blog-slubny\/wp-content\/uploads\/2017\/12\/slub-w-wyjatkowy-dzien.jpg","type":"image\/jpeg"}],"author":"Towesele.pl","twitter_card":"summary_large_image","twitter_creator":"@http:\/\/twitter.com\/towesele","twitter_site":"@towesele","twitter_misc":{"Napisane przez":"Towesele.pl","Szacowany czas czytania":"3 minuty"},"schema":{"@context":"https:\/\/schema.org","@graph":[{"@type":"Article","@id":"https:\/\/www.towesele.pl\/blog-slubny\/slub-wyjatkowy-dzien-roku-warto-o-tym-pomyslec-1025.html#article","isPartOf":{"@id":"https:\/\/www.towesele.pl\/blog-slubny\/slub-wyjatkowy-dzien-roku-warto-o-tym-pomyslec-1025.html"},"author":{"name":"Towesele.pl","@id":"https:\/\/www.towesele.pl\/blog-slubny\/#\/schema\/person\/c44117595473d44c8d43ab81dc269f8e"},"headline":"\u015alub w wyj\u0105tkowy dzie\u0144 w roku \u2013 warto o tym pomy\u015ble\u0107!","datePublished":"2017-12-22T05:04:24+00:00","mainEntityOfPage":{"@id":"https:\/\/www.towesele.pl\/blog-slubny\/slub-wyjatkowy-dzien-roku-warto-o-tym-pomyslec-1025.html"},"wordCount":670,"commentCount":0,"publisher":{"@id":"https:\/\/www.towesele.pl\/blog-slubny\/#organization"},"image":{"@id":"https:\/\/www.towesele.pl\/blog-slubny\/slub-wyjatkowy-dzien-roku-warto-o-tym-pomyslec-1025.html#primaryimage"},"thumbnailUrl":"https:\/\/www.towesele.pl\/blog-slubny\/wp-content\/uploads\/2017\/12\/slub-w-wyjatkowy-dzien.jpg","keywords":["\u015blub na Wielkanoc","\u015blub w Bo\u017ce Narodzenie","\u015blub w Nowy Rok","\u015blub w Sylwestra","\u015blub w Wielkanoc","\u015alub w wyj\u0105tkowy dzie\u0144 w roku","wesele na Wielkanoc","wesele w Bo\u017ce Narodzenie","wesele w Nowy Rok","wesele w Sylwestra","wesele w Wielkanoc","wesele w wyj\u0105tkowy dzie\u0144 w roku"],"articleSection":["Ceremonia \u015blubna","Przyj\u0119cie weselne","\u015alub i wesele"],"inLanguage":"pl-PL","potentialAction":[{"@type":"CommentAction","name":"Comment","target":["https:\/\/www.towesele.pl\/blog-slubny\/slub-wyjatkowy-dzien-roku-warto-o-tym-pomyslec-1025.html#respond"]}]},{"@type":"WebPage","@id":"https:\/\/www.towesele.pl\/blog-slubny\/slub-wyjatkowy-dzien-roku-warto-o-tym-pomyslec-1025.html","url":"https:\/\/www.towesele.pl\/blog-slubny\/slub-wyjatkowy-dzien-roku-warto-o-tym-pomyslec-1025.html","name":"\u015alub w wyj\u0105tkowy dzie\u0144 w roku \u2013 warto o tym pomy\u015ble\u0107! - Blog \u015blubny - Porady i Moda \u015alubna","isPartOf":{"@id":"https:\/\/www.towesele.pl\/blog-slubny\/#website"},"primaryImageOfPage":{"@id":"https:\/\/www.towesele.pl\/blog-slubny\/slub-wyjatkowy-dzien-roku-warto-o-tym-pomyslec-1025.html#primaryimage"},"image":{"@id":"https:\/\/www.towesele.pl\/blog-slubny\/slub-wyjatkowy-dzien-roku-warto-o-tym-pomyslec-1025.html#primaryimage"},"thumbnailUrl":"https:\/\/www.towesele.pl\/blog-slubny\/wp-content\/uploads\/2017\/12\/slub-w-wyjatkowy-dzien.jpg","datePublished":"2017-12-22T05:04:24+00:00","description":"\u015alub w wyj\u0105tkowy dzie\u0144 w roku \u2013 warto o tym pomy\u015ble\u0107 czy wybra\u0107 \u015blub i wesele w Bo\u017ce Narodzenie, Sylwestra czy mo\u017ce na Wielkanoc?","breadcrumb":{"@id":"https:\/\/www.towesele.pl\/blog-slubny\/slub-wyjatkowy-dzien-roku-warto-o-tym-pomyslec-1025.html#breadcrumb"},"inLanguage":"pl-PL","potentialAction":[{"@type":"ReadAction","target":["https:\/\/www.towesele.pl\/blog-slubny\/slub-wyjatkowy-dzien-roku-warto-o-tym-pomyslec-1025.html"]}]},{"@type":"ImageObject","inLanguage":"pl-PL","@id":"https:\/\/www.towesele.pl\/blog-slubny\/slub-wyjatkowy-dzien-roku-warto-o-tym-pomyslec-1025.html#primaryimage","url":"https:\/\/www.towesele.pl\/blog-slubny\/wp-content\/uploads\/2017\/12\/slub-w-wyjatkowy-dzien.jpg","contentUrl":"https:\/\/www.towesele.pl\/blog-slubny\/wp-content\/uploads\/2017\/12\/slub-w-wyjatkowy-dzien.jpg","width":960,"height":640,"caption":"\u015alub w wyj\u0105tkowy dzie\u0144"},{"@type":"BreadcrumbList","@id":"https:\/\/www.towesele.pl\/blog-slubny\/slub-wyjatkowy-dzien-roku-warto-o-tym-pomyslec-1025.html#breadcrumb","itemListElement":[{"@type":"ListItem","position":1,"name":"Strona g\u0142\u00f3wna","item":"https:\/\/www.towesele.pl\/blog-slubny\/"},{"@type":"ListItem","position":2,"name":"\u015alub w wyj\u0105tkowy dzie\u0144 w roku \u2013 warto o tym pomy\u015ble\u0107!"}]},{"@type":"WebSite","@id":"https:\/\/www.towesele.pl\/blog-slubny\/#website","url":"https:\/\/www.towesele.pl\/blog-slubny\/","name":"Blog \u015blubny - Porady i Moda \u015alubna","description":"Blog \u015blubny - tu znajdziesz przydatne porady i artyku\u0142y do \u015blubu. Twoja przygoda z realizacj\u0105 \u015blubu i wesela rozpoczyna si\u0119 na towesele.pl","publisher":{"@id":"https:\/\/www.towesele.pl\/blog-slubny\/#organization"},"potentialAction":[{"@type":"SearchAction","target":{"@type":"EntryPoint","urlTemplate":"https:\/\/www.towesele.pl\/blog-slubny\/?s={search_term_string}"},"query-input":{"@type":"PropertyValueSpecification","valueRequired":true,"valueName":"search_term_string"}}],"inLanguage":"pl-PL"},{"@type":"Organization","@id":"https:\/\/www.towesele.pl\/blog-slubny\/#organization","name":"Blog \u015blubny - Porady i Moda \u015alubna","url":"https:\/\/www.towesele.pl\/blog-slubny\/","logo":{"@type":"ImageObject","inLanguage":"pl-PL","@id":"https:\/\/www.towesele.pl\/blog-slubny\/#\/schema\/logo\/image\/","url":"https:\/\/www.towesele.pl\/blog-slubny\/wp-content\/uploads\/2017\/10\/logo.png","contentUrl":"https:\/\/www.towesele.pl\/blog-slubny\/wp-content\/uploads\/2017\/10\/logo.png","width":393,"height":98,"caption":"Blog \u015blubny - Porady i Moda \u015alubna"},"image":{"@id":"https:\/\/www.towesele.pl\/blog-slubny\/#\/schema\/logo\/image\/"},"sameAs":["https:\/\/www.facebook.com\/towesele","https:\/\/x.com\/towesele","https:\/\/www.instagram.com\/towesele\/","https:\/\/pl.pinterest.com\/toweselepl\/"]},{"@type":"Person","@id":"https:\/\/www.towesele.pl\/blog-slubny\/#\/schema\/person\/c44117595473d44c8d43ab81dc269f8e","name":"Towesele.pl","image":{"@type":"ImageObject","inLanguage":"pl-PL","@id":"https:\/\/www.towesele.pl\/blog-slubny\/#\/schema\/person\/image\/","url":"https:\/\/secure.gravatar.com\/avatar\/3453e165ec1bd7f3514b72e942e9a4ef?s=96&r=g","contentUrl":"https:\/\/secure.gravatar.com\/avatar\/3453e165ec1bd7f3514b72e942e9a4ef?s=96&r=g","caption":"Towesele.pl"},"description":"b\u0105d\u017amy blisko","sameAs":["http:\/\/www.towesele.pl\/","https:\/\/www.facebook.com\/towesele","https:\/\/x.com\/http:\/\/twitter.com\/towesele"],"url":"https:\/\/www.towesele.pl\/blog-slubny\/author\/towesele"}]}},"_links":{"self":[{"href":"https:\/\/www.towesele.pl\/blog-slubny\/wp-json\/wp\/v2\/posts\/1025","targetHints":{"allow":["GET"]}}],"collection":[{"href":"https:\/\/www.towesele.pl\/blog-slubny\/wp-json\/wp\/v2\/posts"}],"about":[{"href":"https:\/\/www.towesele.pl\/blog-slubny\/wp-json\/wp\/v2\/types\/post"}],"author":[{"embeddable":true,"href":"https:\/\/www.towesele.pl\/blog-slubny\/wp-json\/wp\/v2\/users\/1"}],"replies":[{"embeddable":true,"href":"https:\/\/www.towesele.pl\/blog-slubny\/wp-json\/wp\/v2\/comments?post=1025"}],"version-history":[{"count":0,"href":"https:\/\/www.towesele.pl\/blog-slubny\/wp-json\/wp\/v2\/posts\/1025\/revisions"}],"wp:featuredmedia":[{"embeddable":true,"href":"https:\/\/www.towesele.pl\/blog-slubny\/wp-json\/wp\/v2\/media\/1049"}],"wp:attachment":[{"href":"https:\/\/www.towesele.pl\/blog-slubny\/wp-json\/wp\/v2\/media?parent=1025"}],"wp:term":[{"taxonomy":"category","embeddable":true,"href":"https:\/\/www.towesele.pl\/blog-slubny\/wp-json\/wp\/v2\/categories?post=1025"},{"taxonomy":"post_tag","embeddable":true,"href":"https:\/\/www.towesele.pl\/blog-slubny\/wp-json\/wp\/v2\/tags?post=1025"}],"curies":[{"name":"wp","href":"https:\/\/api.w.org\/{rel}","templated":true}]}}